{"id":24913,"date":"2025-06-13T14:29:55","date_gmt":"2025-06-13T12:29:55","guid":{"rendered":"https:\/\/blogs.amarinha.gal\/ribadeando\/?p=24913"},"modified":"2025-06-13T14:29:55","modified_gmt":"2025-06-13T12:29:55","slug":"a-sanidade-publica-e-de-todos-e-a-todos-toca-defendela","status":"publish","type":"post","link":"https:\/\/blogs.amarinha.gal\/ribadeando\/2025\/06\/13\/a-sanidade-publica-e-de-todos-e-a-todos-toca-defendela\/","title":{"rendered":"A sanidade p\u00fablica \u00e9 de todos, e a todos toca defendela"},"content":{"rendered":"\n<p class=\"has-text-align-center\">A sanidade p\u00fablica \u00e9 de todos, e a todos toca defendela.<\/p>\n\n\n\n<p>Dende Ribadeo hai veces que parece que Burela cadra lonxe. Si o fai para ir t\u00f3dolos d\u00edas \u00e1 concentraci\u00f3n diante do hospital en defensa da nosa <a href=\"https:\/\/blogs.amarinha.gal\/ribadeando\/category\/sanidade\/\">sanidade<\/a>. Eu te\u00f1o asistido contadas veces que me cadrou de paso. Pero quero aportar o meu gran de area para que a nosa sanidade vaia mellor. Sexa m\u00e1is considerada. Te\u00f1a mellores medios, e m\u00e1is. Para que o persoal te\u00f1a mellores condici\u00f3ns. Por iso, de cento en vento, adxunto e distrib\u00fao algunha foto ou comentario, como as e o que me pasou onte <a href=\"https:\/\/blogs.amarinha.gal\/ribadeando\/?s=Enrique+Fern%C3%A1ndez+Rivas\">Enrique Fern\u00e1ndez Rivas<\/a>:<\/p>\n\n\n\n<figure class=\"wp-block-image size-large\"><img loading=\"lazy\" decoding=\"async\" width=\"1024\" height=\"462\" src=\"https:\/\/blogs.amarinha.gal\/ribadeando\/wp-content\/uploads\/sites\/4\/2025\/06\/Burela-1-1024x462.jpeg\" alt=\"\" class=\"wp-image-24914\" srcset=\"https:\/\/blogs.amarinha.gal\/ribadeando\/wp-content\/uploads\/sites\/4\/2025\/06\/Burela-1-1024x462.jpeg 1024w, https:\/\/blogs.amarinha.gal\/ribadeando\/wp-content\/uploads\/sites\/4\/2025\/06\/Burela-1-300x135.jpeg 300w, https:\/\/blogs.amarinha.gal\/ribadeando\/wp-content\/uploads\/sites\/4\/2025\/06\/Burela-1-768x346.jpeg 768w, https:\/\/blogs.amarinha.gal\/ribadeando\/wp-content\/uploads\/sites\/4\/2025\/06\/Burela-1-1536x692.jpeg 1536w, https:\/\/blogs.amarinha.gal\/ribadeando\/wp-content\/uploads\/sites\/4\/2025\/06\/Burela-1.jpeg 2048w\" sizes=\"auto, (max-width: 1024px) 100vw, 1024px\" \/><\/figure>\n\n\n\n<figure class=\"wp-block-image size-large\"><img loading=\"lazy\" decoding=\"async\" width=\"1024\" height=\"461\" src=\"https:\/\/blogs.amarinha.gal\/ribadeando\/wp-content\/uploads\/sites\/4\/2025\/06\/Burela-2-1024x461.jpeg\" alt=\"\" class=\"wp-image-24915\" srcset=\"https:\/\/blogs.amarinha.gal\/ribadeando\/wp-content\/uploads\/sites\/4\/2025\/06\/Burela-2-1024x461.jpeg 1024w, https:\/\/blogs.amarinha.gal\/ribadeando\/wp-content\/uploads\/sites\/4\/2025\/06\/Burela-2-300x135.jpeg 300w, https:\/\/blogs.amarinha.gal\/ribadeando\/wp-content\/uploads\/sites\/4\/2025\/06\/Burela-2-768x346.jpeg 768w, https:\/\/blogs.amarinha.gal\/ribadeando\/wp-content\/uploads\/sites\/4\/2025\/06\/Burela-2-1536x691.jpeg 1536w, https:\/\/blogs.amarinha.gal\/ribadeando\/wp-content\/uploads\/sites\/4\/2025\/06\/Burela-2.jpeg 2000w\" sizes=\"auto, (max-width: 1024px) 100vw, 1024px\" \/><\/figure>\n\n\n\n<p>&#8220;Este ser\u00e1n en Burela <a href=\"https:\/\/blogs.amarinha.gal\/ribadeando\/?s=MODEPEN\">MODEPEN<\/a> a Mari\u00f1a estivo na concentraci\u00f3n a prol de Unha sanidade publica e para a recuperaci\u00f3n de Unha area sanitaria propia&#8221;<\/p>\n\n\n\n<p><\/p>\n","protected":false},"excerpt":{"rendered":"<p>A sanidade p\u00fablica \u00e9 de todos, e a todos toca defendela. Dende Ribadeo hai veces que parece que Burela cadra lonxe. Si o fai para ir t\u00f3dolos d\u00edas \u00e1 concentraci\u00f3n diante do hospital en defensa da nosa sanidade. Eu te\u00f1o asistido contadas veces que me cadrou de paso. Pero quero aportar o meu gran de [&hellip;]<\/p>\n","protected":false},"author":3,"featured_media":24915,"comment_status":"open","ping_status":"open","sticky":false,"template":"","format":"standard","meta":{"activitypub_content_warning":"","activitypub_content_visibility":"","activitypub_max_image_attachments":3,"activitypub_interaction_policy_quote":"anyone","activitypub_status":"federated","footnotes":""},"categories":[170],"tags":[27],"class_list":["post-24913","post","type-post","status-publish","format-standard","has-post-thumbnail","hentry","category-sanidade","tag-sanidade"],"_links":{"self":[{"href":"https:\/\/blogs.amarinha.gal\/ribadeando\/wp-json\/wp\/v2\/posts\/24913","targetHints":{"allow":["GET"]}}],"collection":[{"href":"https:\/\/blogs.amarinha.gal\/ribadeando\/wp-json\/wp\/v2\/posts"}],"about":[{"href":"https:\/\/blogs.amarinha.gal\/ribadeando\/wp-json\/wp\/v2\/types\/post"}],"author":[{"embeddable":true,"href":"https:\/\/blogs.amarinha.gal\/ribadeando\/wp-json\/wp\/v2\/users\/3"}],"replies":[{"embeddable":true,"href":"https:\/\/blogs.amarinha.gal\/ribadeando\/wp-json\/wp\/v2\/comments?post=24913"}],"version-history":[{"count":1,"href":"https:\/\/blogs.amarinha.gal\/ribadeando\/wp-json\/wp\/v2\/posts\/24913\/revisions"}],"predecessor-version":[{"id":24916,"href":"https:\/\/blogs.amarinha.gal\/ribadeando\/wp-json\/wp\/v2\/posts\/24913\/revisions\/24916"}],"wp:featuredmedia":[{"embeddable":true,"href":"https:\/\/blogs.amarinha.gal\/ribadeando\/wp-json\/wp\/v2\/media\/24915"}],"wp:attachment":[{"href":"https:\/\/blogs.amarinha.gal\/ribadeando\/wp-json\/wp\/v2\/media?parent=24913"}],"wp:term":[{"taxonomy":"category","embeddable":true,"href":"https:\/\/blogs.amarinha.gal\/ribadeando\/wp-json\/wp\/v2\/categories?post=24913"},{"taxonomy":"post_tag","embeddable":true,"href":"https:\/\/blogs.amarinha.gal\/ribadeando\/wp-json\/wp\/v2\/tags?post=24913"}],"curies":[{"name":"wp","href":"https:\/\/api.w.org\/{rel}","templated":true}]}}