{"id":24587,"date":"2025-05-04T08:31:00","date_gmt":"2025-05-04T06:31:00","guid":{"rendered":"https:\/\/blogs.amarinha.gal\/ribadeando\/?p=24587"},"modified":"2025-04-29T11:33:38","modified_gmt":"2025-04-29T09:33:38","slug":"accesorios-galegos-xose-carlos-rodriguez-ranon","status":"publish","type":"post","link":"https:\/\/blogs.amarinha.gal\/ribadeando\/2025\/05\/04\/accesorios-galegos-xose-carlos-rodriguez-ranon\/","title":{"rendered":"ACCESORIOS GALEGOS. Xos\u00e9 Carlos Rodr\u00edguez Ra\u00f1\u00f3n"},"content":{"rendered":"\n<p class=\"has-text-align-center\"><strong>ACCESORIOS GALEGOS<\/strong><\/p>\n\n\n\n<p class=\"has-text-align-center\"><strong><a href=\"https:\/\/blogs.amarinha.gal\/ribadeando\/search\/label\/Xos%C3%A9%20Carlos%20Rodr%C3%ADguez%20Ra%C3%B1%C3%B3n\">Xos\u00e9 Carlos Rodr\u00edguez Ra\u00f1\u00f3n<\/a><\/strong><\/p>\n\n\n\n<p>Nada galego \u00e9 accesorio e todo o galego deber\u00eda ser m\u00e1is acces\u00edbel. Esa \u00e9, a grandes trazos, a filosof\u00eda persoal, empresarial e art\u00edstica da arous\u00e1 Ana Migu\u00e9ns, creadora duns complementos ben orixinais inspirados en diferentes manifestaci\u00f3ns da cultura galega tradicional. As s\u00faas pezas xa foron lucidas por varias actrices nas galas de entrega dos premios Feroz ou Mestre Mateo, por exemplo.<\/p>\n\n\n\n<p>Formouse en interiorismo na escola de arte superior e dese\u00f1o de Santiago e traballou varios anos nun estudio de decoraci\u00f3n de interiores en Vilagarc\u00eda, onde comezou a dese\u00f1ar pola s\u00faa conta no seu tempo libre para agasallar a familiares e amigos, sen finalidade comercial. En 2009 descubriu a arxila (material co que traballa desde aquela) e dous anos despois arriscou para adicarse \u00e1 fabricaci\u00f3n de xeito profesional. Primeiro foi no seu Instagram e despois fornecendo unha tenda de Santiago situada na r\u00faa do Vilar. Agora ten xa unha p\u00e1xina web propia para a venda on line e os seus dese\u00f1os est\u00e1n en establecementos da s\u00faa Vilagarc\u00eda natal, de Pontevedra, Tui, O Carballi\u00f1o, Oleiros e tam\u00e9n en Ribadeo.<\/p>\n\n\n\n<p>Os seus dese\u00f1os abranguen varias series adicadas ao entroido e aos Maios ourens\u00e1ns, ao magosto, ao Sama\u00edn, a Santo Andr\u00e9 de Teixido, \u00e1s d\u00faas Mar\u00edas compostel\u00e1s, ao marisco (xa comezan a ser marca da casa os seus mexill\u00f3ns e as s\u00faas navallas), a case todos os produtos da horta e \u00e1 est\u00e9tica pict\u00f3rica de Lu\u00eds Seoane ou Castelao. Este ano, todos eles desfilar\u00e1n na mostra do encaixe de Camari\u00f1as.<\/p>\n\n\n\n<figure class=\"wp-block-image size-full\"><img loading=\"lazy\" decoding=\"async\" width=\"328\" height=\"327\" src=\"https:\/\/blogs.amarinha.gal\/ribadeando\/wp-content\/uploads\/sites\/4\/2025\/04\/Sargadelos-baixando-do-concello.jpg\" alt=\"\" class=\"wp-image-24588\" srcset=\"https:\/\/blogs.amarinha.gal\/ribadeando\/wp-content\/uploads\/sites\/4\/2025\/04\/Sargadelos-baixando-do-concello.jpg 328w, https:\/\/blogs.amarinha.gal\/ribadeando\/wp-content\/uploads\/sites\/4\/2025\/04\/Sargadelos-baixando-do-concello-300x300.jpg 300w, https:\/\/blogs.amarinha.gal\/ribadeando\/wp-content\/uploads\/sites\/4\/2025\/04\/Sargadelos-baixando-do-concello-150x150.jpg 150w\" sizes=\"auto, (max-width: 328px) 100vw, 328px\" \/><figcaption class=\"wp-element-caption\">Sargadelos baixando do Concello (C\u00e9sar Lombeira)<\/figcaption><\/figure>\n\n\n\n<p>Eu suxellir\u00edalle humildemente (e s\u00f3 con \u00e1nimo de constru\u00edr, nunca de criticar) desde estas p\u00e1xinas sempre amigas que, xa que este ano finaron o dese\u00f1ador mindoniense <a href=\"https:\/\/gl.wikipedia.org\/wiki\/Xos%C3%A9_Vizoso\">Xos\u00e9 Vizoso<\/a> e o escultor de Catoira <a href=\"https:\/\/gl.wikipedia.org\/wiki\/C%C3%A9sar_Lombera\">C\u00e9sar Lombera<\/a>, introducira nos seus accesorios a est\u00e9tica de ambos os dous, o mari\u00f1\u00e1n vencellado \u00e1 do Sargadelos de D\u00edaz Pardo e o catoir\u00e9s non soamente como creador da escultura d<a href=\"https:\/\/gl.wikipedia.org\/wiki\/As_d%C3%BAas_Mar%C3%ADas\">as Mar\u00edas<\/a> na alameda de Compostela, mais tam\u00e9n como autor da de Alfredo Bra\u00f1as sedente ao p\u00e9 da s\u00faa casa natal (hoxe taberna O mexill\u00f3n) en Carballo de Berganti\u00f1os (vila \u00e1 que eu tanto estimo) e da de Raimundo Ib\u00e1\u00f1ez na escalinata do seu antigo pazo, actual casa do concello do meu Ribadeo.<\/p>\n","protected":false},"excerpt":{"rendered":"<p>ACCESORIOS GALEGOS Xos\u00e9 Carlos Rodr\u00edguez Ra\u00f1\u00f3n Nada galego \u00e9 accesorio e todo o galego deber\u00eda ser m\u00e1is acces\u00edbel. Esa \u00e9, a grandes trazos, a filosof\u00eda persoal, empresarial e art\u00edstica da arous\u00e1 Ana Migu\u00e9ns, creadora duns complementos ben orixinais inspirados en diferentes manifestaci\u00f3ns da cultura galega tradicional. As s\u00faas pezas xa foron lucidas por varias actrices [&hellip;]<\/p>\n","protected":false},"author":3,"featured_media":24588,"comment_status":"open","ping_status":"open","sticky":false,"template":"","format":"standard","meta":{"activitypub_content_warning":"","activitypub_content_visibility":"","activitypub_max_image_attachments":3,"activitypub_interaction_policy_quote":"anyone","activitypub_status":"federated","footnotes":""},"categories":[168],"tags":[31],"class_list":["post-24587","post","type-post","status-publish","format-standard","has-post-thumbnail","hentry","category-xose-carlos-rodriguez-ranon","tag-xose-carlos-rodriguez-ranon"],"_links":{"self":[{"href":"https:\/\/blogs.amarinha.gal\/ribadeando\/wp-json\/wp\/v2\/posts\/24587","targetHints":{"allow":["GET"]}}],"collection":[{"href":"https:\/\/blogs.amarinha.gal\/ribadeando\/wp-json\/wp\/v2\/posts"}],"about":[{"href":"https:\/\/blogs.amarinha.gal\/ribadeando\/wp-json\/wp\/v2\/types\/post"}],"author":[{"embeddable":true,"href":"https:\/\/blogs.amarinha.gal\/ribadeando\/wp-json\/wp\/v2\/users\/3"}],"replies":[{"embeddable":true,"href":"https:\/\/blogs.amarinha.gal\/ribadeando\/wp-json\/wp\/v2\/comments?post=24587"}],"version-history":[{"count":1,"href":"https:\/\/blogs.amarinha.gal\/ribadeando\/wp-json\/wp\/v2\/posts\/24587\/revisions"}],"predecessor-version":[{"id":24589,"href":"https:\/\/blogs.amarinha.gal\/ribadeando\/wp-json\/wp\/v2\/posts\/24587\/revisions\/24589"}],"wp:featuredmedia":[{"embeddable":true,"href":"https:\/\/blogs.amarinha.gal\/ribadeando\/wp-json\/wp\/v2\/media\/24588"}],"wp:attachment":[{"href":"https:\/\/blogs.amarinha.gal\/ribadeando\/wp-json\/wp\/v2\/media?parent=24587"}],"wp:term":[{"taxonomy":"category","embeddable":true,"href":"https:\/\/blogs.amarinha.gal\/ribadeando\/wp-json\/wp\/v2\/categories?post=24587"},{"taxonomy":"post_tag","embeddable":true,"href":"https:\/\/blogs.amarinha.gal\/ribadeando\/wp-json\/wp\/v2\/tags?post=24587"}],"curies":[{"name":"wp","href":"https:\/\/api.w.org\/{rel}","templated":true}]}}