{"id":24569,"date":"2025-04-25T13:59:35","date_gmt":"2025-04-25T11:59:35","guid":{"rendered":"https:\/\/blogs.amarinha.gal\/ribadeando\/?p=24569"},"modified":"2025-04-25T13:59:35","modified_gmt":"2025-04-25T11:59:35","slug":"a-temperie-ribadense-no-seculo-xxi-ate-2023","status":"publish","type":"post","link":"https:\/\/blogs.amarinha.gal\/ribadeando\/2025\/04\/25\/a-temperie-ribadense-no-seculo-xxi-ate-2023\/","title":{"rendered":"A temperie ribadense no s\u00e9culo XXI (ate 2023)"},"content":{"rendered":"\n<figure class=\"wp-block-image size-full\"><img loading=\"lazy\" decoding=\"async\" width=\"690\" height=\"842\" src=\"https:\/\/blogs.amarinha.gal\/ribadeando\/wp-content\/uploads\/sites\/4\/2025\/04\/A-temperie.jpg\" alt=\"\" class=\"wp-image-24571\" srcset=\"https:\/\/blogs.amarinha.gal\/ribadeando\/wp-content\/uploads\/sites\/4\/2025\/04\/A-temperie.jpg 690w, https:\/\/blogs.amarinha.gal\/ribadeando\/wp-content\/uploads\/sites\/4\/2025\/04\/A-temperie-246x300.jpg 246w\" sizes=\"auto, (max-width: 690px) 100vw, 690px\" \/><\/figure>\n\n\n\n<p>Hai tempo que foi a presentaci\u00f3n do libro (<a href=\"https:\/\/blogs.amarinha.gal\/ribadeando\/2024\/04\/12\/presentacion-de-temperie-ribadense-no\/\">https:\/\/blogs.amarinha.gal\/ribadeando\/2024\/04\/12\/presentacion-de-temperie-ribadense-no\/<\/a>), e hai tempo tam\u00e9n que estaba colgado, sen portadas, en internet (<a href=\"https:\/\/es.slideshare.net\/slideshow\/a-temperie-ribadense-no-seculo-xxi-ate-2023-pdf\/269463626\">https:\/\/es.slideshare.net\/slideshow\/a-temperie-ribadense-no-seculo-xxi-ate-2023-pdf\/269463626<\/a>), pero resulta que non lle dera difusi\u00f3n, cousa que agora fago, a\u00ednda que segue a estar dispo\u00f1ible en papel nas librer\u00edas ou a petici\u00f3n, <a href=\"https:\/\/www.eoditorial.com\/gl\/tienda\/ciencia-gl\/a-temperie-ribadense-no-seculo-xxi\/\">en Eoditorial<\/a>,  Amazon e outros lugares da rede.<\/p>\n\n\n\n<p>Primeiro, as portadas e logo, o interior:<\/p>\n\n\n\n<div data-wp-interactive=\"core\/file\" class=\"wp-block-file\"><object data-wp-bind--hidden=\"!state.hasPdfPreview\" hidden class=\"wp-block-file__embed\" data=\"https:\/\/blogs.amarinha.gal\/ribadeando\/wp-content\/uploads\/sites\/4\/2025\/04\/Temperie-ribadense-2023-bil-portadas.pdf\" type=\"application\/pdf\" style=\"width:100%;height:600px\" aria-label=\"Incrustado de Temperie ribadense 2023 - bil-portadas.\"><\/object><a id=\"wp-block-file--media-6eb258b5-6615-4781-804d-d8e36e2a789b\" href=\"https:\/\/blogs.amarinha.gal\/ribadeando\/wp-content\/uploads\/sites\/4\/2025\/04\/Temperie-ribadense-2023-bil-portadas.pdf\">Temperie ribadense 2023 &#8211; bil-portadas<\/a><a href=\"https:\/\/blogs.amarinha.gal\/ribadeando\/wp-content\/uploads\/sites\/4\/2025\/04\/Temperie-ribadense-2023-bil-portadas.pdf\" class=\"wp-block-file__button wp-element-button\" download aria-describedby=\"wp-block-file--media-6eb258b5-6615-4781-804d-d8e36e2a789b\">Descarga\t <\/a><\/div>\n\n\n\n<div data-wp-interactive=\"core\/file\" class=\"wp-block-file\"><object data-wp-bind--hidden=\"!state.hasPdfPreview\" hidden class=\"wp-block-file__embed\" data=\"https:\/\/blogs.amarinha.gal\/ribadeando\/wp-content\/uploads\/sites\/4\/2025\/04\/Temperie-ribadense-2023-bil2.pdf\" type=\"application\/pdf\" style=\"width:100%;height:600px\" aria-label=\"Incrustado de Temperie ribadense 2023 - bil2.\"><\/object><a id=\"wp-block-file--media-e6d2b458-a6ed-4db9-a0b7-771a59593ef7\" href=\"https:\/\/blogs.amarinha.gal\/ribadeando\/wp-content\/uploads\/sites\/4\/2025\/04\/Temperie-ribadense-2023-bil2.pdf\">Temperie ribadense 2023 &#8211; bil2<\/a><a href=\"https:\/\/blogs.amarinha.gal\/ribadeando\/wp-content\/uploads\/sites\/4\/2025\/04\/Temperie-ribadense-2023-bil2.pdf\" class=\"wp-block-file__button wp-element-button\" download aria-describedby=\"wp-block-file--media-e6d2b458-a6ed-4db9-a0b7-771a59593ef7\">Descarga\t <\/a><\/div>\n","protected":false},"excerpt":{"rendered":"<p>Hai tempo que foi a presentaci\u00f3n do libro (https:\/\/blogs.amarinha.gal\/ribadeando\/2024\/04\/12\/presentacion-de-temperie-ribadense-no\/), e hai tempo tam\u00e9n que estaba colgado, sen portadas, en internet (https:\/\/es.slideshare.net\/slideshow\/a-temperie-ribadense-no-seculo-xxi-ate-2023-pdf\/269463626), pero resulta que non lle dera difusi\u00f3n, cousa que agora fago, a\u00ednda que segue a estar dispo\u00f1ible en papel nas librer\u00edas ou a petici\u00f3n, en Eoditorial, Amazon e outros lugares da rede. Primeiro, as [&hellip;]<\/p>\n","protected":false},"author":3,"featured_media":24571,"comment_status":"open","ping_status":"open","sticky":false,"template":"","format":"standard","meta":{"activitypub_content_warning":"","activitypub_content_visibility":"","activitypub_max_image_attachments":3,"activitypub_interaction_policy_quote":"anyone","activitypub_status":"federated","footnotes":""},"categories":[208,163],"tags":[52,15],"class_list":["post-24569","post","type-post","status-publish","format-standard","has-post-thumbnail","hentry","category-meteoroloxia","category-recuncho-da-lectura","tag-meteoroloxia","tag-recuncho-da-lectura"],"_links":{"self":[{"href":"https:\/\/blogs.amarinha.gal\/ribadeando\/wp-json\/wp\/v2\/posts\/24569","targetHints":{"allow":["GET"]}}],"collection":[{"href":"https:\/\/blogs.amarinha.gal\/ribadeando\/wp-json\/wp\/v2\/posts"}],"about":[{"href":"https:\/\/blogs.amarinha.gal\/ribadeando\/wp-json\/wp\/v2\/types\/post"}],"author":[{"embeddable":true,"href":"https:\/\/blogs.amarinha.gal\/ribadeando\/wp-json\/wp\/v2\/users\/3"}],"replies":[{"embeddable":true,"href":"https:\/\/blogs.amarinha.gal\/ribadeando\/wp-json\/wp\/v2\/comments?post=24569"}],"version-history":[{"count":1,"href":"https:\/\/blogs.amarinha.gal\/ribadeando\/wp-json\/wp\/v2\/posts\/24569\/revisions"}],"predecessor-version":[{"id":24574,"href":"https:\/\/blogs.amarinha.gal\/ribadeando\/wp-json\/wp\/v2\/posts\/24569\/revisions\/24574"}],"wp:featuredmedia":[{"embeddable":true,"href":"https:\/\/blogs.amarinha.gal\/ribadeando\/wp-json\/wp\/v2\/media\/24571"}],"wp:attachment":[{"href":"https:\/\/blogs.amarinha.gal\/ribadeando\/wp-json\/wp\/v2\/media?parent=24569"}],"wp:term":[{"taxonomy":"category","embeddable":true,"href":"https:\/\/blogs.amarinha.gal\/ribadeando\/wp-json\/wp\/v2\/categories?post=24569"},{"taxonomy":"post_tag","embeddable":true,"href":"https:\/\/blogs.amarinha.gal\/ribadeando\/wp-json\/wp\/v2\/tags?post=24569"}],"curies":[{"name":"wp","href":"https:\/\/api.w.org\/{rel}","templated":true}]}}