{"id":24535,"date":"2025-04-18T11:35:22","date_gmt":"2025-04-18T09:35:22","guid":{"rendered":"https:\/\/blogs.amarinha.gal\/ribadeando\/?p=24535"},"modified":"2025-04-18T22:52:17","modified_gmt":"2025-04-18T20:52:17","slug":"ribadeo-ahora-e-na-semana-santa","status":"publish","type":"post","link":"https:\/\/blogs.amarinha.gal\/ribadeando\/2025\/04\/18\/ribadeo-ahora-e-na-semana-santa\/","title":{"rendered":"Ribadeo, ahora (e na Semana Santa)"},"content":{"rendered":"\n<figure class=\"wp-block-image size-large\"><img loading=\"lazy\" decoding=\"async\" width=\"1024\" height=\"576\" src=\"https:\/\/blogs.amarinha.gal\/ribadeando\/wp-content\/uploads\/sites\/4\/2025\/04\/729a33dd452c94a4-1024x576.jpg\" alt=\"\" class=\"wp-image-24536\" srcset=\"https:\/\/blogs.amarinha.gal\/ribadeando\/wp-content\/uploads\/sites\/4\/2025\/04\/729a33dd452c94a4-1024x576.jpg 1024w, https:\/\/blogs.amarinha.gal\/ribadeando\/wp-content\/uploads\/sites\/4\/2025\/04\/729a33dd452c94a4-300x169.jpg 300w, https:\/\/blogs.amarinha.gal\/ribadeando\/wp-content\/uploads\/sites\/4\/2025\/04\/729a33dd452c94a4-768x432.jpg 768w, https:\/\/blogs.amarinha.gal\/ribadeando\/wp-content\/uploads\/sites\/4\/2025\/04\/729a33dd452c94a4.jpg 1280w\" sizes=\"auto, (max-width: 1024px) 100vw, 1024px\" \/><\/figure>\n\n\n\n<p>A imaxe que adxunto remato  de descargala agora despois de aparecer no meu muro de Mastodon en amarinha.gal. Corresponde a unha c\u00e1mara de MeteoGalicia, que dende o porto deportivo (<a href=\"https:\/\/www.openstreetmap.org\/#map=14\/43.54013\/-7.03734\">https:\/\/www.openstreetmap.org\/#map=14\/43.54013\/-7.03734<\/a>) enfoca a sa\u00edda da r\u00eda, Ponte dos Santos por medio. D\u00eda trist\u00f3n en canto a sensaci\u00f3n dada pola meteorolox\u00eda, tranquilo a estas horas pola xente na r\u00faa, e vibrante polo significado dun venres santo, con tres actos en Ribadeo (10:30, procesi\u00f3n do Nazareno, 18:00, na igrexa, e 24:00 procesi\u00f3n da Soidade).<\/p>\n\n\n\n<p>O mar calmo, o ceo que non chega a se ameazante, e a tranquilidade do momento invitan si a unha <a href=\"https:\/\/blogs.amarinha.gal\/ribadeando\/?s=santa+semana\">santa semana<\/a> de gozo interior, particular, e non de tropel como de seguro se vivir\u00e1 noutros momentos deste mesmo d\u00eda.<\/p>\n\n\n\n<p>O Agora, Carpe diem!<\/p>\n\n\n\n<p>Unha nota para quen m\u00e1is que desfrutar do agora mesmo, pense no m\u00e1is al\u00f3:<\/p>\n\n\n\n<figure class=\"wp-block-image size-large\"><img decoding=\"async\" src=\"https:\/\/amarinha.s3.rbx.io.cloud.ovh.net\/media_attachments\/files\/114\/296\/755\/759\/547\/822\/original\/a60b86649a31024b.jpeg\" alt=\"\" \/><\/figure>\n\n\n\n<figure class=\"wp-block-image size-large\"><img decoding=\"async\" src=\"https:\/\/amarinha.s3.rbx.io.cloud.ovh.net\/media_attachments\/files\/114\/296\/755\/759\/024\/020\/original\/996e5d6378a47208.jpeg\" alt=\"\" \/><\/figure>\n\n\n\n<p>Por certo, o cartel, que non se ve asinado, \u00e9 da autor\u00eda de de Jos\u00e9 <a href=\"https:\/\/blogs.amarinha.gal\/ribadeando\/?s=Juan+Est%C3%A9vez\">Juan Est\u00e9vez<\/a> Fern\u00e1ndez, como tantos outros da Semana Santa.<\/p>\n","protected":false},"excerpt":{"rendered":"<p>A imaxe que adxunto remato de descargala agora despois de aparecer no meu muro de Mastodon en amarinha.gal. Corresponde a unha c\u00e1mara de MeteoGalicia, que dende o porto deportivo (https:\/\/www.openstreetmap.org\/#map=14\/43.54013\/-7.03734) enfoca a sa\u00edda da r\u00eda, Ponte dos Santos por medio. D\u00eda trist\u00f3n en canto a sensaci\u00f3n dada pola meteorolox\u00eda, tranquilo a estas horas pola xente [&hellip;]<\/p>\n","protected":false},"author":3,"featured_media":24536,"comment_status":"open","ping_status":"open","sticky":false,"template":"","format":"standard","meta":{"activitypub_content_warning":"","activitypub_content_visibility":"","activitypub_max_image_attachments":3,"activitypub_interaction_policy_quote":"anyone","activitypub_status":"federated","footnotes":""},"categories":[207],"tags":[90],"class_list":["post-24535","post","type-post","status-publish","format-standard","has-post-thumbnail","hentry","category-semana-santa","tag-semana-santa"],"_links":{"self":[{"href":"https:\/\/blogs.amarinha.gal\/ribadeando\/wp-json\/wp\/v2\/posts\/24535","targetHints":{"allow":["GET"]}}],"collection":[{"href":"https:\/\/blogs.amarinha.gal\/ribadeando\/wp-json\/wp\/v2\/posts"}],"about":[{"href":"https:\/\/blogs.amarinha.gal\/ribadeando\/wp-json\/wp\/v2\/types\/post"}],"author":[{"embeddable":true,"href":"https:\/\/blogs.amarinha.gal\/ribadeando\/wp-json\/wp\/v2\/users\/3"}],"replies":[{"embeddable":true,"href":"https:\/\/blogs.amarinha.gal\/ribadeando\/wp-json\/wp\/v2\/comments?post=24535"}],"version-history":[{"count":3,"href":"https:\/\/blogs.amarinha.gal\/ribadeando\/wp-json\/wp\/v2\/posts\/24535\/revisions"}],"predecessor-version":[{"id":24543,"href":"https:\/\/blogs.amarinha.gal\/ribadeando\/wp-json\/wp\/v2\/posts\/24535\/revisions\/24543"}],"wp:featuredmedia":[{"embeddable":true,"href":"https:\/\/blogs.amarinha.gal\/ribadeando\/wp-json\/wp\/v2\/media\/24536"}],"wp:attachment":[{"href":"https:\/\/blogs.amarinha.gal\/ribadeando\/wp-json\/wp\/v2\/media?parent=24535"}],"wp:term":[{"taxonomy":"category","embeddable":true,"href":"https:\/\/blogs.amarinha.gal\/ribadeando\/wp-json\/wp\/v2\/categories?post=24535"},{"taxonomy":"post_tag","embeddable":true,"href":"https:\/\/blogs.amarinha.gal\/ribadeando\/wp-json\/wp\/v2\/tags?post=24535"}],"curies":[{"name":"wp","href":"https:\/\/api.w.org\/{rel}","templated":true}]}}