{"id":2356,"date":"2022-11-26T07:49:00","date_gmt":"2022-11-26T06:49:00","guid":{"rendered":""},"modified":"2024-10-23T17:22:46","modified_gmt":"2024-10-23T15:22:46","slug":"obsesion-por-africa-xose-carlos","status":"publish","type":"post","link":"https:\/\/blogs.amarinha.gal\/ribadeando\/2022\/11\/26\/obsesion-por-africa-xose-carlos\/","title":{"rendered":"OBSESI\u00d3N POR \u00c1FRICA. Xos\u00e9 Carlos Rodr\u00edguez Ra\u00f1\u00f3n"},"content":{"rendered":"<p><em>OBSESI\u00d3N POR \u00c1FRICA<br \/>\n<\/em><em><\/em><em><br \/>\n<\/em><\/p>\n<p><em><br \/>\n<a href=\"https:\/\/blogs.amarinha.gal\/ribadeando\/search\/label\/Xos%C3%A9%20Carlos%20Rodr%C3%ADguez%20Ra%C3%B1%C3%B3n\" rel=\"nofollow noopener\" target=\"_blank\">Xos\u00e9 Carlos Rodr\u00edguez Ra\u00f1\u00f3n<\/a><br \/>\n<\/em><\/p>\n<p><em><span>&nbsp;&nbsp; &nbsp;<\/span>O feitizo colonial por parte dos europeos por \u00c1frica v\u00e9n de lonxe. Misioneiros, aventureiros, exploradores, explotadores, escravistas, cazafortunas e tesouros, cient\u00edficos, militares, escritores, artistas ou colonos, todos sentiron a chamada da selva do continente negro e mouro de vastos desertos, xunglas, sabanas e oc\u00e9anos. Ning\u00fan deles descubriu nada porque todo o que viron xa estaba al\u00ed, mais moitos amos\u00e1ronlles esas exuberantes belezas lonxanas aos seus correlixionarios e coet\u00e1neos occidentais.<\/em><\/p>\n<p><em><span>&nbsp;&nbsp; &nbsp;<\/span>Un deles foi o xesu\u00edta espa\u00f1ol Pedro P\u00e1ez, que chegou \u00e1s fontes do Nilo no s\u00e9culo XVIII,  moito antes que o doutor Livingstone (perdido e rescatado en terras centroafricanas na s\u00faa in\u00fatil procura) e que os seus posteriores \u201cdescubridores oficiais\u201d: Stanley e Speke. Mais a imaxe m\u00e1is literaria do continente se cadra foi a da baronesa e escritora dinamarquesa Karen Blixen quen escribiu, co pseud\u00f3nimo masculino de Isaak Dinesen, as cinematogr\u00e1ficas \u201cMemorias de \u00c1frica\u201d con ese xa caracter\u00edstico comezo do seu libro tan co\u00f1ecido como o do Quixote: \u201cEu ti\u00f1a unha granxa en \u00c1frica ao p\u00e9 das monta\u00f1as de Ngong\u201d.<\/em><\/p>\n<table cellpadding=\"0\" cellspacing=\"0\" class=\"tr-caption-container\" style=\"margin-left: auto; margin-right: auto; text-align: center;\">\n<tbody>\n<tr>\n<td style=\"text-align: center;\"><a href=\"https:\/\/blogs.amarinha.gal\/ribadeando\/wp-content\/uploads\/sites\/4\/2022\/11\/Karen_blixen_museum_in_nairobi_kenya_02.jpg\" style=\"clear: right; margin-bottom: 1em; margin-left: auto; margin-right: auto;\"><img loading=\"lazy\" decoding=\"async\" height=\"266\" src=\"https:\/\/blogs.amarinha.gal\/ribadeando\/wp-content\/uploads\/sites\/4\/2022\/11\/Karen_blixen_museum_in_nairobi_kenya_02.jpg\" class=\"wp-image-2357\" width=\"400\" \/><\/a><\/td>\n<\/tr>\n<tr>\n<td class=\"tr-caption\" style=\"text-align: center;\"><span style=\"font-size: xx-small;\">Museo Blixen en Nairobi. Imaxe de Alexander Leisser en https:\/\/commons.wikimedia.org, lic CC BY SA 4.0<\/span>\n<\/td>\n<\/tr>\n<\/tbody>\n<\/table>\n<p>&nbsp;<em><span>&nbsp;&nbsp;&nbsp; <\/span>Na banda oposta haber\u00eda que falar do xenocida rei Leopoldo de B\u00e9lxica polos seus estragos no Congo, froito da s\u00faa teima por que o seu recente reino tivese un imperio como as grandes potencias coloniais europeas. O poeta maldito Rimbaud tam\u00e9n estivo polos lares da \u00c1frica Occidental francesa traficando con escravos mentres se adicaba ao malditismo de aventura e aos versos estupefacientes, todo o contrario que Winston Churchill ou o escritor de terror g\u00f3tico Arthur Conan Doyle, quen participaron como soldados do ex\u00e9rcito brit\u00e1nico en \u00c1frica do Sul loitando contra os colonos boers holandeses. O escritor angl\u00f3fono nado en Polonia reflectir\u00eda moitas desas vivencias na s\u00faa obra \u201c\u00c9bano\u201d.<\/em><\/p>\n<p><em><span>&nbsp;&nbsp; &nbsp;<\/span>Despois da segunda guerra mundial, a visi\u00f3n europea sobre \u00c1frica muda de xeito radical. Principia o proceso de descolonizaci\u00f3n (moitas veces traum\u00e1tico para africanos e europeos) e unha corrente de m\u00edmese e simpat\u00eda asenta en moitos brancos (como Camus ou Goytisolo) e tam\u00e9n en moitos nativos que reivindican as tradici\u00f3ns das s\u00faas culturas aut\u00f3ctonas mais tam\u00e9n se senten herdeiros da tradici\u00f3n colonial europea expresada nas s\u00faas respectivas linguas. Froito desa mestura foron moitos os africanos que se trasladaron ao vello continente non s\u00f3 para traballar e mellorar, mais tam\u00e9n para levar canda eles un anaco de \u00c1frica para deixar en terras europeas como s\u00edmbolo de simbiose fraternal.<\/em><\/p>\n","protected":false},"excerpt":{"rendered":"<p>OBSESI\u00d3N POR \u00c1FRICA Xos\u00e9 Carlos Rodr\u00edguez Ra\u00f1\u00f3n &nbsp;&nbsp; &nbsp;O feitizo colonial por parte dos europeos por \u00c1frica v\u00e9n de lonxe. Misioneiros, aventureiros, exploradores, explotadores, escravistas, cazafortunas e tesouros, cient\u00edficos, militares, escritores, artistas ou colonos, todos sentiron a chamada da selva do continente negro e mouro de vastos desertos, xunglas, sabanas e oc\u00e9anos. Ning\u00fan deles descubriu [&hellip;]<\/p>\n","protected":false},"author":3,"featured_media":2357,"comment_status":"open","ping_status":"closed","sticky":false,"template":"","format":"standard","meta":{"activitypub_content_warning":"","activitypub_content_visibility":"","activitypub_max_image_attachments":3,"activitypub_interaction_policy_quote":"anyone","activitypub_status":"","footnotes":""},"categories":[1],"tags":[32,31],"class_list":["post-2356","post","type-post","status-publish","format-standard","has-post-thumbnail","hentry","category-sen-categoria","tag-filosofia","tag-xose-carlos-rodriguez-ranon"],"_links":{"self":[{"href":"https:\/\/blogs.amarinha.gal\/ribadeando\/wp-json\/wp\/v2\/posts\/2356","targetHints":{"allow":["GET"]}}],"collection":[{"href":"https:\/\/blogs.amarinha.gal\/ribadeando\/wp-json\/wp\/v2\/posts"}],"about":[{"href":"https:\/\/blogs.amarinha.gal\/ribadeando\/wp-json\/wp\/v2\/types\/post"}],"author":[{"embeddable":true,"href":"https:\/\/blogs.amarinha.gal\/ribadeando\/wp-json\/wp\/v2\/users\/3"}],"replies":[{"embeddable":true,"href":"https:\/\/blogs.amarinha.gal\/ribadeando\/wp-json\/wp\/v2\/comments?post=2356"}],"version-history":[{"count":0,"href":"https:\/\/blogs.amarinha.gal\/ribadeando\/wp-json\/wp\/v2\/posts\/2356\/revisions"}],"wp:featuredmedia":[{"embeddable":true,"href":"https:\/\/blogs.amarinha.gal\/ribadeando\/wp-json\/wp\/v2\/media\/2357"}],"wp:attachment":[{"href":"https:\/\/blogs.amarinha.gal\/ribadeando\/wp-json\/wp\/v2\/media?parent=2356"}],"wp:term":[{"taxonomy":"category","embeddable":true,"href":"https:\/\/blogs.amarinha.gal\/ribadeando\/wp-json\/wp\/v2\/categories?post=2356"},{"taxonomy":"post_tag","embeddable":true,"href":"https:\/\/blogs.amarinha.gal\/ribadeando\/wp-json\/wp\/v2\/tags?post=2356"}],"curies":[{"name":"wp","href":"https:\/\/api.w.org\/{rel}","templated":true}]}}