{"id":2344,"date":"2022-11-30T09:37:00","date_gmt":"2022-11-30T08:37:00","guid":{"rendered":""},"modified":"2024-10-23T17:22:29","modified_gmt":"2024-10-23T15:22:29","slug":"cidade-de-cine-xose-carlos-rodriguez","status":"publish","type":"post","link":"https:\/\/blogs.amarinha.gal\/ribadeando\/2022\/11\/30\/cidade-de-cine-xose-carlos-rodriguez\/","title":{"rendered":"CIDADE DE CINE. Xos\u00e9 Carlos Rodr\u00edguez Ra\u00f1\u00f3n"},"content":{"rendered":"<p>&nbsp;<\/p>\n<p><a href=\"https:\/\/blogs.amarinha.gal\/ribadeando\/wp-content\/uploads\/sites\/4\/2022\/11\/festival20Paris20cinema.jpg\" style=\"margin-left: 1em; margin-right: 1em;\"><img loading=\"lazy\" decoding=\"async\" height=\"402\" src=\"https:\/\/blogs.amarinha.gal\/ribadeando\/wp-content\/uploads\/sites\/4\/2022\/11\/festival20Paris20cinema.jpg\" class=\"wp-image-2345\" width=\"640\" \/><\/a><\/p>\n<p><em>CIDADE DE CINE<br \/>\n<\/em><\/p>\n<p><em>&nbsp;<\/em><a href=\"https:\/\/blogs.amarinha.gal\/ribadeando\/search\/label\/Xos%C3%A9%20Carlos%20Rodr%C3%ADguez%20Ra%C3%B1%C3%B3n\" rel=\"nofollow noopener\" target=\"_blank\"><em>Xos\u00e9 Carlos Rodr\u00edguez Ra\u00f1\u00f3n<\/em><\/a><\/p>\n<p><em><span>&nbsp;&nbsp; &nbsp;<\/span>Par\u00eds, a cidade da luz (el\u00e9ctrica) sempre tivo un pacto co cinema, non en van os seus inventores foron franceses: os irm\u00e1ns Lumi\u00e8re, cuxo apelido significa precisamente luz tam\u00e9n. Desde o primeiro filme rodado na capital do Sena en 1930 (\u201cSous les toits de Paris\u201d\/Baixo os teitos de Par\u00eds), a urbe foi lugar de rodaxes, de decorados urbanos e mesmo moitas veces personaxe principal das fitas.<\/em><\/p>\n<p><em><span>&nbsp;&nbsp; &nbsp;<\/span>Despois chegar\u00edan os cineastas da Nouvelle Vague que tanto a mimar\u00edan, como Truffaut e Godard, facendo que o cinema de autor fose maioritariamente parisino. O patrimonio art\u00edstico co que conta relacionado coa s\u00e9tima arte \u00e9 abafante: 400 salas (moitas delas hist\u00f3ricas) con 500 estreas cada semana, por non falar do Forum des Images ou da Cinemateca Francesa, que atesoura 40000 filmes e medio mill\u00f3n de fotogramas, ademais de milleiros de libros, cartaces, aparellos cinematogr\u00e1ficos, decorados e traxes. Cada ano r\u00f3danse nas s\u00faas r\u00faas 800 longametraxes en m\u00e1is de 4000 localizaci\u00f3ns diferentes polas cales se pode deambular nun m\u00e1xico roteiro tur\u00edstico de cine, nunca mellor dito.<\/em><\/p>\n<p><em><span>&nbsp;&nbsp; &nbsp;<\/span>Desde hai unhas d\u00e9cadas, tam\u00e9n a paisaxe e a paisanaxe da Mari\u00f1a seduciron directores tanto nativos como doutras latitudes e n\u00f3tase como quere a c\u00e1mara a esta fermosa e personal\u00edsima bisbarra.<\/em><\/p>\n","protected":false},"excerpt":{"rendered":"<p>&nbsp; CIDADE DE CINE &nbsp;Xos\u00e9 Carlos Rodr\u00edguez Ra\u00f1\u00f3n &nbsp;&nbsp; &nbsp;Par\u00eds, a cidade da luz (el\u00e9ctrica) sempre tivo un pacto co cinema, non en van os seus inventores foron franceses: os irm\u00e1ns Lumi\u00e8re, cuxo apelido significa precisamente luz tam\u00e9n. Desde o primeiro filme rodado na capital do Sena en 1930 (\u201cSous les toits de Paris\u201d\/Baixo os [&hellip;]<\/p>\n","protected":false},"author":3,"featured_media":2345,"comment_status":"open","ping_status":"closed","sticky":false,"template":"","format":"standard","meta":{"activitypub_content_warning":"","activitypub_content_visibility":"","activitypub_max_image_attachments":3,"activitypub_interaction_policy_quote":"anyone","activitypub_status":"","footnotes":""},"categories":[1],"tags":[10,31],"class_list":["post-2344","post","type-post","status-publish","format-standard","has-post-thumbnail","hentry","category-sen-categoria","tag-cultura","tag-xose-carlos-rodriguez-ranon"],"_links":{"self":[{"href":"https:\/\/blogs.amarinha.gal\/ribadeando\/wp-json\/wp\/v2\/posts\/2344","targetHints":{"allow":["GET"]}}],"collection":[{"href":"https:\/\/blogs.amarinha.gal\/ribadeando\/wp-json\/wp\/v2\/posts"}],"about":[{"href":"https:\/\/blogs.amarinha.gal\/ribadeando\/wp-json\/wp\/v2\/types\/post"}],"author":[{"embeddable":true,"href":"https:\/\/blogs.amarinha.gal\/ribadeando\/wp-json\/wp\/v2\/users\/3"}],"replies":[{"embeddable":true,"href":"https:\/\/blogs.amarinha.gal\/ribadeando\/wp-json\/wp\/v2\/comments?post=2344"}],"version-history":[{"count":0,"href":"https:\/\/blogs.amarinha.gal\/ribadeando\/wp-json\/wp\/v2\/posts\/2344\/revisions"}],"wp:featuredmedia":[{"embeddable":true,"href":"https:\/\/blogs.amarinha.gal\/ribadeando\/wp-json\/wp\/v2\/media\/2345"}],"wp:attachment":[{"href":"https:\/\/blogs.amarinha.gal\/ribadeando\/wp-json\/wp\/v2\/media?parent=2344"}],"wp:term":[{"taxonomy":"category","embeddable":true,"href":"https:\/\/blogs.amarinha.gal\/ribadeando\/wp-json\/wp\/v2\/categories?post=2344"},{"taxonomy":"post_tag","embeddable":true,"href":"https:\/\/blogs.amarinha.gal\/ribadeando\/wp-json\/wp\/v2\/tags?post=2344"}],"curies":[{"name":"wp","href":"https:\/\/api.w.org\/{rel}","templated":true}]}}