{"id":2321,"date":"2022-12-04T22:25:00","date_gmt":"2022-12-04T21:25:00","guid":{"rendered":""},"modified":"2024-10-23T17:21:54","modified_gmt":"2024-10-23T15:21:54","slug":"debuxar-un-xornal-xose-carlos-rodriguez","status":"publish","type":"post","link":"https:\/\/blogs.amarinha.gal\/ribadeando\/2022\/12\/04\/debuxar-un-xornal-xose-carlos-rodriguez\/","title":{"rendered":"DEBUXAR UN XORNAL. Xos\u00e9 Carlos Rodr\u00edguez Ra\u00f1\u00f3n"},"content":{"rendered":"<p>&nbsp;<\/p>\n<p><em><\/p>\n<table align=\"center\" cellpadding=\"0\" cellspacing=\"0\" class=\"tr-caption-container\" style=\"margin-left: auto; margin-right: auto;\">\n<tbody>\n<tr>\n<td style=\"text-align: center;\"><a href=\"https:\/\/blogs.amarinha.gal\/ribadeando\/wp-content\/uploads\/sites\/4\/2022\/12\/640px-Plantu_41843885371.jpeg\" imageanchor=\"1\" style=\"margin-left: auto; margin-right: auto;\"><img loading=\"lazy\" decoding=\"async\" height=\"428\" src=\"https:\/\/blogs.amarinha.gal\/ribadeando\/wp-content\/uploads\/sites\/4\/2022\/12\/640px-Plantu_41843885371.jpeg\" class=\"wp-image-2322\" width=\"640\" \/><\/a><\/td>\n<\/tr>\n<tr>\n<td class=\"tr-caption\" style=\"text-align: center;\"><span style=\"font-size: x-small;\">Plantu, nunha conferencia. <span class=\"mw-mmv-source-author\"><span class=\"mw-mmv-author mw-mmv-source\">J\u00e9r\u00e9my Barande&nbsp;\/&nbsp;<a class=\"external text\" href=\"https:\/\/www.flickr.com\/people\/117994717@N06\" rel=\"nofollow\">Ecole polytechnique Universit\u00e9 Paris-Saclay<\/a> en https:\/\/commons.wikimedia.org. <\/span><\/span><span class=\"mw-mmv-source-author\"><\/span><a class=\"mw-mmv-license\" href=\"https:\/\/creativecommons.org\/licenses\/by-sa\/2.0\" target=\"_blank\" rel=\"noopener\">CC BY-SA 2.0<\/a><\/span><span class=\"mw-mmv-restrictions\"><br \/>\n<\/span><\/td>\n<\/tr>\n<\/tbody>\n<\/table>\n<p><\/em><\/p>\n<p><em>DEBUXAR UN XORNAL<\/em><\/p>\n<p><em><br \/>\n    <a href=\"https:\/\/blogs.amarinha.gal\/ribadeando\/search\/label\/Xos%C3%A9%20Carlos%20Rodr%C3%ADguez%20Ra%C3%B1%C3%B3n\" rel=\"nofollow noopener\" target=\"_blank\">Xos\u00e9 Carlos Rodr\u00edguez Ra\u00f1\u00f3n<\/a><\/em><\/p>\n<p><em><br \/>\n    <span>&nbsp;&nbsp; &nbsp;<\/span>Cando naceron os xornais tal e como os co\u00f1ecemos hoxe, no s\u00e9culo XIX, os debuxantes de prensa estaban considerados un simple accesorio, unha especie de artistas na marxe da p\u00e1xina e polo tanto \u00e1 marxe do xornalismo. A cousa mudou desde a primeira guerra mundial, pasando a seren verdadeiros editorialistas gr\u00e1ficos respectados polo seu enxe\u00f1o e o seu trazo \u00e1xil como signo da liberdade de opini\u00f3n.<\/em><\/p>\n<p><em><br \/>\n    <span>&nbsp;&nbsp; &nbsp;<\/span>Un bo debuxante xornal\u00edstico debe provocar, interpelar, amolar, reflexionar e por suposto facer rir ou, como m\u00ednimo, sorrir. Ese \u00e9 o caso de <a href=\"https:\/\/es.wikipedia.org\/wiki\/Plantu\" rel=\"nofollow noopener\" target=\"_blank\">Jean Plantureux<\/a> (alias Plantu), un cl\u00e1sico das p\u00e1xinas de Le Monde. Disc\u00edpulo do mesm\u00edsimo Herg\u00e9, debutou coa guerra de Vietnam abrindo fogo no papel. Os seus lapis de cores eran m\u00edsiles de precisi\u00f3n dirixidos aos seus lectores. Cos anos, rematou debuxando na propia portada do rotativo, reco\u00f1ecemento ao seu humor negro, l\u00facido e ao mesmo tempo profundamente informativo. Como marca persoal sempre acompa\u00f1ou as s\u00faas vi\u00f1etas co debuxo dun rato de biblioteca.<\/em><\/p>\n<p><em><br \/>\n    <span>&nbsp;&nbsp; &nbsp;<\/span>Na prensa espa\u00f1ola houbo e hai grand\u00edsimos profesionais neste eido e por suposto tam\u00e9n na galega. Para mostra o que asina neste mesmo xornal <\/em>[Nota: dirixido \u00f3 El Progreso]<em> facendo marabillas coa actualidade do coti\u00e1n.<\/p>\n<p><\/em><\/p>\n","protected":false},"excerpt":{"rendered":"<p>&nbsp; Plantu, nunha conferencia. J\u00e9r\u00e9my Barande&nbsp;\/&nbsp;Ecole polytechnique Universit\u00e9 Paris-Saclay en https:\/\/commons.wikimedia.org. CC BY-SA 2.0 DEBUXAR UN XORNAL Xos\u00e9 Carlos Rodr\u00edguez Ra\u00f1\u00f3n &nbsp;&nbsp; &nbsp;Cando naceron os xornais tal e como os co\u00f1ecemos hoxe, no s\u00e9culo XIX, os debuxantes de prensa estaban considerados un simple accesorio, unha especie de artistas na marxe da p\u00e1xina e polo tanto [&hellip;]<\/p>\n","protected":false},"author":3,"featured_media":2322,"comment_status":"open","ping_status":"closed","sticky":false,"template":"","format":"standard","meta":{"activitypub_content_warning":"","activitypub_content_visibility":"","activitypub_max_image_attachments":3,"activitypub_interaction_policy_quote":"anyone","activitypub_status":"","footnotes":""},"categories":[1],"tags":[10,31],"class_list":["post-2321","post","type-post","status-publish","format-standard","has-post-thumbnail","hentry","category-sen-categoria","tag-cultura","tag-xose-carlos-rodriguez-ranon"],"_links":{"self":[{"href":"https:\/\/blogs.amarinha.gal\/ribadeando\/wp-json\/wp\/v2\/posts\/2321","targetHints":{"allow":["GET"]}}],"collection":[{"href":"https:\/\/blogs.amarinha.gal\/ribadeando\/wp-json\/wp\/v2\/posts"}],"about":[{"href":"https:\/\/blogs.amarinha.gal\/ribadeando\/wp-json\/wp\/v2\/types\/post"}],"author":[{"embeddable":true,"href":"https:\/\/blogs.amarinha.gal\/ribadeando\/wp-json\/wp\/v2\/users\/3"}],"replies":[{"embeddable":true,"href":"https:\/\/blogs.amarinha.gal\/ribadeando\/wp-json\/wp\/v2\/comments?post=2321"}],"version-history":[{"count":0,"href":"https:\/\/blogs.amarinha.gal\/ribadeando\/wp-json\/wp\/v2\/posts\/2321\/revisions"}],"wp:featuredmedia":[{"embeddable":true,"href":"https:\/\/blogs.amarinha.gal\/ribadeando\/wp-json\/wp\/v2\/media\/2322"}],"wp:attachment":[{"href":"https:\/\/blogs.amarinha.gal\/ribadeando\/wp-json\/wp\/v2\/media?parent=2321"}],"wp:term":[{"taxonomy":"category","embeddable":true,"href":"https:\/\/blogs.amarinha.gal\/ribadeando\/wp-json\/wp\/v2\/categories?post=2321"},{"taxonomy":"post_tag","embeddable":true,"href":"https:\/\/blogs.amarinha.gal\/ribadeando\/wp-json\/wp\/v2\/tags?post=2321"}],"curies":[{"name":"wp","href":"https:\/\/api.w.org\/{rel}","templated":true}]}}