{"id":2306,"date":"2022-12-14T10:40:00","date_gmt":"2022-12-14T09:40:00","guid":{"rendered":""},"modified":"2024-10-23T17:21:26","modified_gmt":"2024-10-23T15:21:26","slug":"antiguallas-ou-moderneces-xose-carlos","status":"publish","type":"post","link":"https:\/\/blogs.amarinha.gal\/ribadeando\/2022\/12\/14\/antiguallas-ou-moderneces-xose-carlos\/","title":{"rendered":"ANTIGUALLAS OU MODERNECES? Xos\u00e9 Carlos Rodr\u00edguez Ra\u00f1\u00f3n"},"content":{"rendered":"<p>&nbsp;<\/p>\n<table align=\"center\" cellpadding=\"0\" cellspacing=\"0\" class=\"tr-caption-container\" style=\"margin-left: auto; margin-right: auto;\">\n<tbody>\n<tr>\n<td style=\"text-align: center;\"><a href=\"https:\/\/blogs.amarinha.gal\/ribadeando\/wp-content\/uploads\/sites\/4\/2022\/12\/ENIAC.jpg\" style=\"margin-left: auto; margin-right: auto;\"><img loading=\"lazy\" decoding=\"async\" height=\"422\" src=\"https:\/\/blogs.amarinha.gal\/ribadeando\/wp-content\/uploads\/sites\/4\/2022\/12\/ENIAC.jpg\" class=\"wp-image-2307\" width=\"640\" \/><\/a><\/td>\n<\/tr>\n<tr>\n<td class=\"tr-caption\" style=\"text-align: center;\"><span style=\"font-size: x-small;\">D\u00faas mulleres controlando o ENIAC, o primeiro ordenador. U. S. Army Photo (en Dominio P\u00fablico)<\/span>\n<\/td>\n<\/tr>\n<\/tbody>\n<\/table>\n<p><em>ANTIGUALLAS OU MODERNECES?<br \/>\n<\/em><\/p>\n<p><em><br \/>\n<a href=\"https:\/\/blogs.amarinha.gal\/ribadeando\/search\/label\/Xos%C3%A9%20Carlos%20Rodr%C3%ADguez%20Ra%C3%B1%C3%B3n\" rel=\"nofollow noopener\" target=\"_blank\">Xos\u00e9 Carlos Rodr\u00edguez Ra\u00f1\u00f3n<\/a><br \/>\n<\/em><\/p>\n<p><em><\/p>\n<p>\t<span>&nbsp;&nbsp; &nbsp;<\/span>Para os que a\u00ednda non cumprimos os 50 (e xa non digamos para os adolescentes) alg\u00fans aparellos tecnol\u00f3xicos cos que nacemos sem\u00e9llannos antiqu\u00edsimos cando, en realidade, son relativamente recentes. Que llo pregunten se non \u00e1 nenez dos nosos av\u00f3s! \u00c9 o caso, por exemplo, da fotograf\u00eda que se ben, en branco e negro, foi inventada en 1827 polo franc\u00e9s <a href=\"https:\/\/gl.wikipedia.org\/wiki\/Joseph_Nic%C3%A9phore_Ni%C3%A9pce\" rel=\"nofollow noopener\" target=\"_blank\">Nic\u00e9phore Niepce<\/a> (e perfeccionada despois co daguerrotipo do seu compatriota <a href=\"https:\/\/gl.wikipedia.org\/wiki\/Louis_Daguerre\" rel=\"nofollow noopener\" target=\"_blank\">Louis-Jacques Daguerre<\/a>) non adquiriu cor ata a d\u00e9cada de 1970.<br \/>\n<\/em><\/p>\n<p><em><br \/>\n\t<span>&nbsp;&nbsp; &nbsp;<\/span>O mesmo acontece co tel\u00e9fono con cable, creado en 1876 polo escoc\u00e9s <a href=\"https:\/\/gl.wikipedia.org\/wiki\/Alexander_Graham_Bell\" rel=\"nofollow noopener\" target=\"_blank\">Alexander Bell<\/a>, cuxo apelido, moi axeitadamente, significa campa\u00ed\u00f1a, alarma ou timbre. A versi\u00f3n inar\u00e1mica, precursora da actual telefon\u00eda m\u00f3bil (inexistente na nosa infancia),  non chegar\u00eda ata 1979 grazas ao sueco <a href=\"https:\/\/es.wikipedia.org\/wiki\/Ericsson\" rel=\"nofollow noopener\" target=\"_blank\">Ericsson<\/a>.<br \/>\n<\/em><\/p>\n<p><em><br \/>\n<span>&nbsp;&nbsp; &nbsp;<\/span>Outro escoc\u00e9s, <a href=\"https:\/\/gl.wikipedia.org\/wiki\/John_Logie_Baird\" rel=\"nofollow noopener\" target=\"_blank\">John Baird<\/a>, patentou a televisi\u00f3n (en branco e negro) en 1923, chegando a cor medio s\u00e9culo despois. Os estadounidenses <a href=\"https:\/\/gl.wikipedia.org\/wiki\/ENIAC\" rel=\"nofollow noopener\" target=\"_blank\">John Mauchly e John Eckert<\/a> puxeron en marcha, en 1946, o primeiro computador. Ocupaba 135 metros cadrados e pesaba 300 toneladas. Como para telo na casa!<br \/>\n<\/em><\/p>\n<p><em><br \/>\n<span>&nbsp;&nbsp; &nbsp;<\/span>Sempre lembro aos meus av\u00f3s paternos de Ribadeo e maternos de Vilaframil contando como a xente se amoreaba diante dos seus negocios de alimentaci\u00f3n para ver un programa ou facer unha chamada. Como hoxe diante dunha pantalla xigante nunha praza para ver un concerto os que ficaron sen entrada.<\/em><\/p>\n","protected":false},"excerpt":{"rendered":"<p>&nbsp; D\u00faas mulleres controlando o ENIAC, o primeiro ordenador. U. S. Army Photo (en Dominio P\u00fablico) ANTIGUALLAS OU MODERNECES? Xos\u00e9 Carlos Rodr\u00edguez Ra\u00f1\u00f3n &nbsp;&nbsp; &nbsp;Para os que a\u00ednda non cumprimos os 50 (e xa non digamos para os adolescentes) alg\u00fans aparellos tecnol\u00f3xicos cos que nacemos sem\u00e9llannos antiqu\u00edsimos cando, en realidade, son relativamente recentes. Que llo [&hellip;]<\/p>\n","protected":false},"author":3,"featured_media":2307,"comment_status":"open","ping_status":"closed","sticky":false,"template":"","format":"standard","meta":{"activitypub_content_warning":"","activitypub_content_visibility":"","activitypub_max_image_attachments":3,"activitypub_interaction_policy_quote":"anyone","activitypub_status":"","footnotes":""},"categories":[1],"tags":[10,9,31],"class_list":["post-2306","post","type-post","status-publish","format-standard","has-post-thumbnail","hentry","category-sen-categoria","tag-cultura","tag-sociedade","tag-xose-carlos-rodriguez-ranon"],"_links":{"self":[{"href":"https:\/\/blogs.amarinha.gal\/ribadeando\/wp-json\/wp\/v2\/posts\/2306","targetHints":{"allow":["GET"]}}],"collection":[{"href":"https:\/\/blogs.amarinha.gal\/ribadeando\/wp-json\/wp\/v2\/posts"}],"about":[{"href":"https:\/\/blogs.amarinha.gal\/ribadeando\/wp-json\/wp\/v2\/types\/post"}],"author":[{"embeddable":true,"href":"https:\/\/blogs.amarinha.gal\/ribadeando\/wp-json\/wp\/v2\/users\/3"}],"replies":[{"embeddable":true,"href":"https:\/\/blogs.amarinha.gal\/ribadeando\/wp-json\/wp\/v2\/comments?post=2306"}],"version-history":[{"count":0,"href":"https:\/\/blogs.amarinha.gal\/ribadeando\/wp-json\/wp\/v2\/posts\/2306\/revisions"}],"wp:featuredmedia":[{"embeddable":true,"href":"https:\/\/blogs.amarinha.gal\/ribadeando\/wp-json\/wp\/v2\/media\/2307"}],"wp:attachment":[{"href":"https:\/\/blogs.amarinha.gal\/ribadeando\/wp-json\/wp\/v2\/media?parent=2306"}],"wp:term":[{"taxonomy":"category","embeddable":true,"href":"https:\/\/blogs.amarinha.gal\/ribadeando\/wp-json\/wp\/v2\/categories?post=2306"},{"taxonomy":"post_tag","embeddable":true,"href":"https:\/\/blogs.amarinha.gal\/ribadeando\/wp-json\/wp\/v2\/tags?post=2306"}],"curies":[{"name":"wp","href":"https:\/\/api.w.org\/{rel}","templated":true}]}}