{"id":1470,"date":"2023-08-31T12:29:00","date_gmt":"2023-08-31T10:29:00","guid":{"rendered":""},"modified":"2024-10-23T14:29:43","modified_gmt":"2024-10-23T12:29:43","slug":"nestle-antes-que-nestle-xose-carlos","status":"publish","type":"post","link":"https:\/\/blogs.amarinha.gal\/ribadeando\/2023\/08\/31\/nestle-antes-que-nestle-xose-carlos\/","title":{"rendered":"NESTLE ANTES QUE NESTL\u00c9. Xos\u00e9 Carlos Rodr\u00edguez Ra\u00f1\u00f3n"},"content":{"rendered":"<table align=\"center\" cellpadding=\"0\" cellspacing=\"0\" class=\"tr-caption-container\" style=\"margin-left: auto; margin-right: auto;\">\n<tbody>\n<tr>\n<td style=\"text-align: center;\"><a href=\"https:\/\/blogs.amarinha.gal\/ribadeando\/wp-content\/uploads\/sites\/4\/2023\/08\/Nestle.jpg\" imageanchor=\"1\" style=\"margin-left: auto; margin-right: auto;\"><img loading=\"lazy\" decoding=\"async\" height=\"640\" src=\"https:\/\/blogs.amarinha.gal\/ribadeando\/wp-content\/uploads\/sites\/4\/2023\/08\/Nestle.jpg\" class=\"wp-image-1471\" width=\"610\" \/><\/a><\/td>\n<\/tr>\n<tr>\n<td class=\"tr-caption\" style=\"text-align: center;\"><span style=\"font-size: x-small;\">Imaxe da Galipedia. Lic. <a href=\"https:\/\/gl.wikipedia.org\/wiki\/Wikipedia:Texto_da_Licenza_Creative_Commons_Reco%C3%B1ecemento-CompartirIgual_4.0\" rel=\"nofollow noopener\" target=\"_blank\">CC BY SA 4.0<\/a><\/span>\n<\/td>\n<\/tr>\n<\/tbody>\n<\/table>\n<p>&nbsp;<\/p>\n<p><em>NESTLE ANTES QUE NESTL\u00c9<\/em><\/p>\n<p><em><a href=\"https:\/\/blogs.amarinha.gal\/ribadeando\/search\/label\/Xos%C3%A9%20Carlos%20Rodr%C3%ADguez%20Ra%C3%B1%C3%B3n\" rel=\"nofollow noopener\" target=\"_blank\">Xos\u00e9 Carlos Rodr\u00edguez Ra\u00f1\u00f3n<\/a><\/em><\/p>\n<p><em><\/p>\n<p>\t<span>&nbsp;&nbsp; &nbsp;<\/span>A multinacional agroalimentaria su\u00edza con s\u00e9 na cidade de Vevey chamouse Nestle antes de afrancesarse en Nestl\u00e9. O nome da empresa \u00e9 o apelido do seu fundador, o farmac\u00e9utico alem\u00e1n Henri Nestle, apelido que significa \u201cni\u00f1o de paxaro\u201d, de a\u00ed o logotipo da s\u00faa imaxe corporativa. Hoxe, m\u00e1is de 150 anos despois da s\u00faa fundaci\u00f3n, est\u00e1 presente nuns 200 pa\u00edses e conta con case 350000 empregados. O seu primeiro produto estrela foi o leite condensado, daquela chamado \u201cfari\u00f1a lacteada\u201d. A s\u00faa creaci\u00f3n naceu como alimento en conserva necesario para combater as altas taxas de mortandade infantil da \u00e9poca.<\/em><\/p>\n<p><em><br \/>\n\t<span>&nbsp;&nbsp; &nbsp;<\/span>A Espa\u00f1a chegou en 1905, en concreto \u00e1 localidade c\u00e1ntabra de La Penilla de Cay\u00f3n. Na Galiza instalar\u00edase en 1939 en Pontecesures, \u00e1s beiras do Sar na s\u00faa confluencia co Ulla para formar a r\u00eda de Arousa. Cando eu resid\u00eda por aqueles lares tan rosali\u00e1ns podo dar fe de que polas chemineas das s\u00faas instalaci\u00f3ns non sa\u00eda precisamente un matinal e caseiro arume a leite fervido sen\u00f3n m\u00e1is ben un pestilente cheiro a repolo podre que compet\u00eda en intensidade co da veci\u00f1a f\u00e1brica madeireira de Finsa.<\/em><\/p>\n<p><em><br \/>\n\t<span>&nbsp;&nbsp; &nbsp;<\/span>Dentro do grupo Nestl\u00e9 hai marcas tan reco\u00f1ec\u00edbeis para todos n\u00f3s como La Lechera, Nescaf\u00e9, Nesquik, Sveltesse, Buitoni ou KitKat. Na d\u00e9cada de 1960 chegar\u00edan tam\u00e9n os produtos culinarios procesados de Maggi e os surtidos de xeados. Dez anos despois os ultraconxelados e a partir de 1980 os cereais, a salsa de tomate fritido Sol\u00eds, as potaxes en lata Litoral e os alimentos para mascotas Friskies. Tam\u00e9n aparecer\u00edan os envases tetrabrick de leite pasteurizado e o uso do leite condensado para hostalar\u00eda e repostar\u00eda. Co cambio de s\u00e9culo introducir\u00eda no mercado o caf\u00e9 en c\u00e1psulas Nespresso.<\/em><\/p>\n<p><em><br \/>\n\t<span>&nbsp;&nbsp; &nbsp;<\/span>En relaci\u00f3n cos seus milleiros de proveedores na nosa terra, Nestl\u00e9 converteuse en pioneira na recollida de leite e materias primas no agro galego, colaborando deste xeito coas explotaci\u00f3ns hort\u00edcolas e gandeiras a un certo desenvolvemento do rural, pondo ao seu dispor toda a s\u00faa punteira tecnolox\u00eda e os m\u00e1is avanzados servizos e sistemas agropecuarios.<\/em><\/p>\n","protected":false},"excerpt":{"rendered":"<p>Imaxe da Galipedia. Lic. CC BY SA 4.0 &nbsp; NESTLE ANTES QUE NESTL\u00c9 Xos\u00e9 Carlos Rodr\u00edguez Ra\u00f1\u00f3n &nbsp;&nbsp; &nbsp;A multinacional agroalimentaria su\u00edza con s\u00e9 na cidade de Vevey chamouse Nestle antes de afrancesarse en Nestl\u00e9. O nome da empresa \u00e9 o apelido do seu fundador, o farmac\u00e9utico alem\u00e1n Henri Nestle, apelido que significa \u201cni\u00f1o de [&hellip;]<\/p>\n","protected":false},"author":3,"featured_media":1471,"comment_status":"open","ping_status":"closed","sticky":false,"template":"","format":"standard","meta":{"activitypub_content_warning":"","activitypub_content_visibility":"","activitypub_max_image_attachments":3,"activitypub_interaction_policy_quote":"anyone","activitypub_status":"","footnotes":""},"categories":[1],"tags":[21,11,31],"class_list":["post-1470","post","type-post","status-publish","format-standard","has-post-thumbnail","hentry","category-sen-categoria","tag-economia","tag-historia","tag-xose-carlos-rodriguez-ranon"],"_links":{"self":[{"href":"https:\/\/blogs.amarinha.gal\/ribadeando\/wp-json\/wp\/v2\/posts\/1470","targetHints":{"allow":["GET"]}}],"collection":[{"href":"https:\/\/blogs.amarinha.gal\/ribadeando\/wp-json\/wp\/v2\/posts"}],"about":[{"href":"https:\/\/blogs.amarinha.gal\/ribadeando\/wp-json\/wp\/v2\/types\/post"}],"author":[{"embeddable":true,"href":"https:\/\/blogs.amarinha.gal\/ribadeando\/wp-json\/wp\/v2\/users\/3"}],"replies":[{"embeddable":true,"href":"https:\/\/blogs.amarinha.gal\/ribadeando\/wp-json\/wp\/v2\/comments?post=1470"}],"version-history":[{"count":0,"href":"https:\/\/blogs.amarinha.gal\/ribadeando\/wp-json\/wp\/v2\/posts\/1470\/revisions"}],"wp:featuredmedia":[{"embeddable":true,"href":"https:\/\/blogs.amarinha.gal\/ribadeando\/wp-json\/wp\/v2\/media\/1471"}],"wp:attachment":[{"href":"https:\/\/blogs.amarinha.gal\/ribadeando\/wp-json\/wp\/v2\/media?parent=1470"}],"wp:term":[{"taxonomy":"category","embeddable":true,"href":"https:\/\/blogs.amarinha.gal\/ribadeando\/wp-json\/wp\/v2\/categories?post=1470"},{"taxonomy":"post_tag","embeddable":true,"href":"https:\/\/blogs.amarinha.gal\/ribadeando\/wp-json\/wp\/v2\/tags?post=1470"}],"curies":[{"name":"wp","href":"https:\/\/api.w.org\/{rel}","templated":true}]}}