{"id":1468,"date":"2023-09-01T09:07:00","date_gmt":"2023-09-01T07:07:00","guid":{"rendered":""},"modified":"2024-10-23T14:29:40","modified_gmt":"2024-10-23T12:29:40","slug":"o-pazo-dos-martelo","status":"publish","type":"post","link":"https:\/\/blogs.amarinha.gal\/ribadeando\/2023\/09\/01\/o-pazo-dos-martelo\/","title":{"rendered":"O PAZO DOS MARTELO. Xos\u00e9 Carlos Rodr\u00edguez Ra\u00f1\u00f3n"},"content":{"rendered":"<p>&nbsp;<\/p>\n<table align=\"center\" cellpadding=\"0\" cellspacing=\"0\" class=\"tr-caption-container\" style=\"margin-left: auto; margin-right: auto;\">\n<tbody>\n<tr>\n<td style=\"text-align: center;\"><a href=\"https:\/\/blogs.amarinha.gal\/ribadeando\/wp-content\/uploads\/sites\/4\/2023\/09\/Landras_e_bayas.jpg\" imageanchor=\"1\" style=\"margin-left: auto; margin-right: auto;\"><img loading=\"lazy\" decoding=\"async\" height=\"640\" src=\"https:\/\/blogs.amarinha.gal\/ribadeando\/wp-content\/uploads\/sites\/4\/2023\/09\/Landras_e_bayas.jpg\" class=\"wp-image-1469\" width=\"488\" \/><\/a><\/td>\n<\/tr>\n<tr>\n<td class=\"tr-caption\" style=\"text-align: center;\"><span style=\"font-size: x-small;\">Portada dunha obra de <a href=\"https:\/\/gl.wikipedia.org\/wiki\/Evaristo_Martelo_Paum%C3%A1n\" rel=\"nofollow noopener\" target=\"_blank\">E. Martelo<\/a> (no D.P.)<\/span><\/td>\n<\/tr>\n<\/tbody>\n<\/table>\n<p><em><br \/>\nO PAZO DOS MARTELO<\/em><\/p>\n<p><em><br \/>\n(<a href=\"https:\/\/blogs.amarinha.gal\/ribadeando\/search\/label\/Xos%C3%A9%20Carlos%20Rodr%C3%ADguez%20Ra%C3%B1%C3%B3n\" rel=\"nofollow noopener\" target=\"_blank\">Xos\u00e9 Carlos Rodr\u00edguez Ra\u00f1\u00f3n<\/a>)<\/em><\/p>\n<p><em><\/p>\n<p>\t<span>&nbsp;&nbsp; &nbsp;<\/span>As\u00ed chamado polo apelido dos seus \u00faltimos propietarios, que nada ti\u00f1an que ver con quen, en Rianxo, o mandou erguer: o almirante Paio Gomes de Soutomaior (alcumado Paio Gomes Chari\u00f1o), un dos nosos meirandes trobeiros medievais, que igual compu\u00f1a cantigas que conquistaba Sevilla aos musulm\u00e1ns. O edificio actual (barroco e cunha impo\u00f1ente balconada) nada ten que ver co orixinal, que inclu\u00eda unha inmensa torre cuadrangular. O concello adquiriuno para biblioteca municipal hai agora medio s\u00e9culo e rehabilitouno unha d\u00e9cada despois. Desde ent\u00f3n, practicamente non se tocou e a d\u00eda de hoxe precisa dunha profunda remodelaci\u00f3n, as\u00ed como toda a s\u00faa contorna: unha c\u00e9ntrica praza empedrada usada como aparcadoiro. Noutras latitudes m\u00e1is sens\u00edbeis co patrimonio hist\u00f3rico, isto ser\u00eda ins\u00f3lito.<\/em><\/p>\n<p><em><br \/>\n\t<span>&nbsp;&nbsp; &nbsp;<\/span>O mesmo acontece, moi perto da capela da Virxe de Guadalupe, coas casas de Manoel Antonio, Dieste e Castelao, todas elas na literaria R\u00faa do Medio e necesitadas de urxentes remedios. \u00c9pocas houbo nas que, nos seus baixo-andares, hab\u00eda tendas de electrodom\u00e9sticos, de lambetadas ou mesmo bares.<\/em><\/p>\n","protected":false},"excerpt":{"rendered":"<p>&nbsp; Portada dunha obra de E. Martelo (no D.P.) O PAZO DOS MARTELO (Xos\u00e9 Carlos Rodr\u00edguez Ra\u00f1\u00f3n) &nbsp;&nbsp; &nbsp;As\u00ed chamado polo apelido dos seus \u00faltimos propietarios, que nada ti\u00f1an que ver con quen, en Rianxo, o mandou erguer: o almirante Paio Gomes de Soutomaior (alcumado Paio Gomes Chari\u00f1o), un dos nosos meirandes trobeiros medievais, que [&hellip;]<\/p>\n","protected":false},"author":3,"featured_media":1469,"comment_status":"open","ping_status":"closed","sticky":false,"template":"","format":"standard","meta":{"activitypub_content_warning":"","activitypub_content_visibility":"","activitypub_max_image_attachments":3,"activitypub_interaction_policy_quote":"anyone","activitypub_status":"","footnotes":""},"categories":[1],"tags":[31],"class_list":["post-1468","post","type-post","status-publish","format-standard","has-post-thumbnail","hentry","category-sen-categoria","tag-xose-carlos-rodriguez-ranon"],"_links":{"self":[{"href":"https:\/\/blogs.amarinha.gal\/ribadeando\/wp-json\/wp\/v2\/posts\/1468","targetHints":{"allow":["GET"]}}],"collection":[{"href":"https:\/\/blogs.amarinha.gal\/ribadeando\/wp-json\/wp\/v2\/posts"}],"about":[{"href":"https:\/\/blogs.amarinha.gal\/ribadeando\/wp-json\/wp\/v2\/types\/post"}],"author":[{"embeddable":true,"href":"https:\/\/blogs.amarinha.gal\/ribadeando\/wp-json\/wp\/v2\/users\/3"}],"replies":[{"embeddable":true,"href":"https:\/\/blogs.amarinha.gal\/ribadeando\/wp-json\/wp\/v2\/comments?post=1468"}],"version-history":[{"count":0,"href":"https:\/\/blogs.amarinha.gal\/ribadeando\/wp-json\/wp\/v2\/posts\/1468\/revisions"}],"wp:featuredmedia":[{"embeddable":true,"href":"https:\/\/blogs.amarinha.gal\/ribadeando\/wp-json\/wp\/v2\/media\/1469"}],"wp:attachment":[{"href":"https:\/\/blogs.amarinha.gal\/ribadeando\/wp-json\/wp\/v2\/media?parent=1468"}],"wp:term":[{"taxonomy":"category","embeddable":true,"href":"https:\/\/blogs.amarinha.gal\/ribadeando\/wp-json\/wp\/v2\/categories?post=1468"},{"taxonomy":"post_tag","embeddable":true,"href":"https:\/\/blogs.amarinha.gal\/ribadeando\/wp-json\/wp\/v2\/tags?post=1468"}],"curies":[{"name":"wp","href":"https:\/\/api.w.org\/{rel}","templated":true}]}}