{"id":1459,"date":"2023-09-02T10:00:00","date_gmt":"2023-09-02T08:00:00","guid":{"rendered":""},"modified":"2024-10-23T14:29:26","modified_gmt":"2024-10-23T12:29:26","slug":"orozame","status":"publish","type":"post","link":"https:\/\/blogs.amarinha.gal\/ribadeando\/2023\/09\/02\/orozame\/","title":{"rendered":"&#8220;Or\u00f3zame&#8221;"},"content":{"rendered":"<p>&nbsp;<\/p>\n<table align=\"center\" cellpadding=\"0\" cellspacing=\"0\" class=\"tr-caption-container\" style=\"margin-left: auto; margin-right: auto;\">\n<tbody>\n<tr>\n<td style=\"text-align: center;\"><a href=\"https:\/\/blogs.amarinha.gal\/ribadeando\/wp-content\/uploads\/sites\/4\/2023\/09\/Carlos_Oroza.jpg\" style=\"margin-left: auto; margin-right: auto;\"><img loading=\"lazy\" decoding=\"async\" height=\"426\" src=\"https:\/\/blogs.amarinha.gal\/ribadeando\/wp-content\/uploads\/sites\/4\/2023\/09\/Carlos_Oroza.jpg\" class=\"wp-image-1460\" width=\"640\" \/><\/a><\/td>\n<\/tr>\n<tr>\n<td class=\"tr-caption\" style=\"text-align: center;\"><span style=\"font-size: x-small;\">Carlos Oroza, por Acidia, collido de&nbsp;https:\/\/gl.wikipedia.org\/wiki\/Ficheiro:Carlos_Oroza.jpg con lic. CC BY SA 4.0<\/span><\/td>\n<\/tr>\n<\/tbody>\n<\/table>\n<p><em><br \/>\n\u201cOR\u00d3ZAME\u201d<\/em><\/p>\n<p><em><br \/>\n(<a href=\"https:\/\/blogs.amarinha.gal\/ribadeando\/search\/label\/Xos%C3%A9%20Carlos%20Rodr%C3%ADguez%20Ra%C3%B1%C3%B3n\" rel=\"nofollow noopener\" target=\"_blank\">Xos\u00e9 Carlos Rodr\u00edguez Ra\u00f1\u00f3n<\/a>)<\/em><\/p>\n<p><em><\/p>\n<p>\t<span>&nbsp;&nbsp; &nbsp;<\/span>O pasado mes de marzo, e coincidindo co D\u00eda Mundial da Poes\u00eda, celebrouse unha viguesa homenaxe ao poeta galego en castel\u00e1n Carlos Oroza (Viveiro 1923-Vigo 2015), do que se conmemora o centenario do seu nacemento. O recordatorio correu a cargo de Ignacio G\u00f3mez de Lia\u00f1o, amigo persoal e o seu primeiro editor. De Oroza descatou a s\u00faa poes\u00eda da r\u00faa e revulsiva as\u00ed como o seu alento po\u00e9tico que non provi\u00f1a dos libros, mais da vida. A s\u00faa po\u00e9tica non resid\u00eda no papel. Estaba inserida na s\u00faa gorxa, por non dicir na s\u00faa propia cachola. L\u00e9mbrao como un afrancesado poeta paseante ( ou \u201cfl\u00e2neur\u201d), amante dos madrile\u00f1os caf\u00e9s (o Comercial, o Lyon ou o Gij\u00f3n) e de influencias anglosaxoas e centroeuropeas (Rilke, Elliot ou Joyce), interesado nunha poes\u00eda medio surrealista, experimental, visual, cristalina, l\u00edmpida, coloquial (lonxe de afectados academicismos) e, ao mesmo tempo, profunda e insond\u00e1bel, cun fondo pouso existencial, moi na li\u00f1a de Allen Ginsberg ou de William Burroughs e de toda a xeraci\u00f3n Beat de moderna cerna estadounidense, encandilada cos mass-media e, \u00e1 vez, co malditismo do individualismo mis\u00e1ntropo, por moi incongruente que pareza.<\/em><\/p>\n<p><em><br \/>\n<span>&nbsp;&nbsp; &nbsp;<\/span>O seu het\u00e9reo e vaporoso poema \u201c\u00c9vame\u201d xa \u00e9 ferreamente p\u00e9treo sobre as laxes da c\u00e9ntrica R\u00faa do Pr\u00edncipe da cidade ol\u00edvica por el, quen foi s\u00fabdito confeso de todos os subt\u00eds versos principescos.<\/em><\/p>\n","protected":false},"excerpt":{"rendered":"<p>&nbsp; Carlos Oroza, por Acidia, collido de&nbsp;https:\/\/gl.wikipedia.org\/wiki\/Ficheiro:Carlos_Oroza.jpg con lic. CC BY SA 4.0 \u201cOR\u00d3ZAME\u201d (Xos\u00e9 Carlos Rodr\u00edguez Ra\u00f1\u00f3n) &nbsp;&nbsp; &nbsp;O pasado mes de marzo, e coincidindo co D\u00eda Mundial da Poes\u00eda, celebrouse unha viguesa homenaxe ao poeta galego en castel\u00e1n Carlos Oroza (Viveiro 1923-Vigo 2015), do que se conmemora o centenario do seu nacemento. O [&hellip;]<\/p>\n","protected":false},"author":3,"featured_media":1460,"comment_status":"open","ping_status":"closed","sticky":false,"template":"","format":"standard","meta":{"activitypub_content_warning":"","activitypub_content_visibility":"","activitypub_max_image_attachments":3,"activitypub_interaction_policy_quote":"anyone","activitypub_status":"","footnotes":""},"categories":[1],"tags":[31],"class_list":["post-1459","post","type-post","status-publish","format-standard","has-post-thumbnail","hentry","category-sen-categoria","tag-xose-carlos-rodriguez-ranon"],"_links":{"self":[{"href":"https:\/\/blogs.amarinha.gal\/ribadeando\/wp-json\/wp\/v2\/posts\/1459","targetHints":{"allow":["GET"]}}],"collection":[{"href":"https:\/\/blogs.amarinha.gal\/ribadeando\/wp-json\/wp\/v2\/posts"}],"about":[{"href":"https:\/\/blogs.amarinha.gal\/ribadeando\/wp-json\/wp\/v2\/types\/post"}],"author":[{"embeddable":true,"href":"https:\/\/blogs.amarinha.gal\/ribadeando\/wp-json\/wp\/v2\/users\/3"}],"replies":[{"embeddable":true,"href":"https:\/\/blogs.amarinha.gal\/ribadeando\/wp-json\/wp\/v2\/comments?post=1459"}],"version-history":[{"count":0,"href":"https:\/\/blogs.amarinha.gal\/ribadeando\/wp-json\/wp\/v2\/posts\/1459\/revisions"}],"wp:featuredmedia":[{"embeddable":true,"href":"https:\/\/blogs.amarinha.gal\/ribadeando\/wp-json\/wp\/v2\/media\/1460"}],"wp:attachment":[{"href":"https:\/\/blogs.amarinha.gal\/ribadeando\/wp-json\/wp\/v2\/media?parent=1459"}],"wp:term":[{"taxonomy":"category","embeddable":true,"href":"https:\/\/blogs.amarinha.gal\/ribadeando\/wp-json\/wp\/v2\/categories?post=1459"},{"taxonomy":"post_tag","embeddable":true,"href":"https:\/\/blogs.amarinha.gal\/ribadeando\/wp-json\/wp\/v2\/tags?post=1459"}],"curies":[{"name":"wp","href":"https:\/\/api.w.org\/{rel}","templated":true}]}}