{"id":1406,"date":"2023-09-23T10:06:00","date_gmt":"2023-09-23T08:06:00","guid":{"rendered":""},"modified":"2024-10-23T14:09:28","modified_gmt":"2024-10-23T12:09:28","slug":"corriente-del-golfo-xose-carlos","status":"publish","type":"post","link":"https:\/\/blogs.amarinha.gal\/ribadeando\/2023\/09\/23\/corriente-del-golfo-xose-carlos\/","title":{"rendered":"CORRIENTE DEL GOLFO. Xos\u00e9 Carlos Rodr\u00edguez Ra\u00f1\u00f3n"},"content":{"rendered":"<table align=\"center\" cellpadding=\"0\" cellspacing=\"0\" class=\"tr-caption-container\" style=\"margin-left: auto; margin-right: auto;\">\n<tbody>\n<tr>\n<td style=\"text-align: center;\"><a href=\"https:\/\/blogs.amarinha.gal\/ribadeando\/wp-content\/uploads\/sites\/4\/2023\/09\/MarC3ADa_MuC3B1oz_de_Quevedo_sq_cropped.png\" style=\"margin-left: auto; margin-right: auto;\"><img loading=\"lazy\" decoding=\"async\" height=\"314\" src=\"https:\/\/blogs.amarinha.gal\/ribadeando\/wp-content\/uploads\/sites\/4\/2023\/09\/MarC3ADa_MuC3B1oz_de_Quevedo_sq_cropped.png\" class=\"wp-image-1407\" width=\"314\" \/><\/a><\/td>\n<\/tr>\n<tr>\n<td class=\"tr-caption\" style=\"text-align: center;\"><span style=\"font-size: x-small;\">Mar\u00eda Mu\u00f1oz (foto no Dominio P\u00fablico)<\/span>\n<\/td>\n<\/tr>\n<\/tbody>\n<\/table>\n<p>&nbsp;<\/p>\n<p><em>\u201cCORRIENTE DEL GOLFO\u201d<\/em><\/p>\n<p><em><br \/>\n<a href=\"https:\/\/blogs.amarinha.gal\/ribadeando\/search\/label\/Xos%C3%A9%20Carlos%20Rodr%C3%ADguez%20Ra%C3%B1%C3%B3n\" rel=\"nofollow noopener\" target=\"_blank\">Xos\u00e9 Carlos Rodr\u00edguez Ra\u00f1\u00f3n<\/a><\/em><\/p>\n<p><em><\/p>\n<p>\t<span>&nbsp;&nbsp; &nbsp;<\/span>As\u00ed se titula o disco homenaxe a <a href=\"https:\/\/gl.wikipedia.org\/wiki\/Federico_Garc%C3%ADa_Lorca\" rel=\"nofollow noopener\" target=\"_blank\">Lorca<\/a> en Cuba (no 125 aniversario do nacemento do poeta de Fuentevaqueros, os mesmos que cumpre, por certo, a Xeraci\u00f3n do 98) do pianista vigu\u00e9s <a href=\"https:\/\/gl.wikipedia.org\/wiki\/Alberto_Conde\" rel=\"nofollow noopener\" target=\"_blank\">Alberto Conde<\/a>. A visita de Federico \u00e1 illa e aos Estados Unidos (\u201cPoeta en Nueva York\u201d) non ter\u00eda sido posible sen a gu\u00eda da galega <a href=\"https:\/\/gl.wikipedia.org\/wiki\/Mar%C3%ADa_Mu%C3%B1oz_de_Quevedo\" rel=\"nofollow noopener\" target=\"_blank\">Mar\u00eda Mu\u00f1oz Portal<\/a>, segundo explica Irene del R\u00edo, presidenta da asociaci\u00f3n Amizade Galego-Cubana.<\/em><\/p>\n<p><em><br \/>\n\t<span>&nbsp;&nbsp; &nbsp;<\/span>Mar\u00eda Mu\u00f1oz nacera na Coru\u00f1a, fora alumna de Falla e directora do conservatorio nacional da Habana, onde introduciu a m\u00fasica do seu mestre e de compositores galegos como Chan\u00e9 ou Xo\u00e1n Montes. Tam\u00e9n mesturou a m\u00fasica negra antillana (rumbas, boleros\u2026) e os incipientes blues e jazz sure\u00f1os co flamenco e coa m\u00fasica cl\u00e1sica como fixera o propio Lorca no seu poema \u201cSon de negros\u201d.<\/em><\/p>\n<p><em><br \/>\n\t<span>&nbsp;&nbsp; &nbsp;<\/span>O disco incl\u00fae un dos seus seis poemas galegos, en concreto \u201cMadrigal \u00e1 cibd\u00e1 de Santiago\u201d (que Lorca compuxo por iniciativa, entre outros, de Blanco Amor) na voz da fadista Ana Ferreira. Tam\u00e9n a cantiga xa popular, con letra de Curros Enr\u00edquez (quen pasou moitos anos en Cuba), \u201cUnha noite na eira do trigo\u201d.<\/em><\/p>\n<p><em><br \/>\n\t<span>&nbsp;&nbsp; &nbsp;<\/span>Lorca tam\u00e9n visitou antes da Rep\u00fablica, en viaxe escolar, varias localidades galegas (entre elas Lugo) e, xa nos anos 30, coa s\u00faa compa\u00f1\u00eda teatral <a href=\"https:\/\/gl.wikipedia.org\/wiki\/La_Barraca\" rel=\"nofollow noopener\" target=\"_blank\">La Barraca<\/a>, a vila mari\u00f1\u00e1 de Ribadeo, por exemplo.<\/em><\/p>\n","protected":false},"excerpt":{"rendered":"<p>Mar\u00eda Mu\u00f1oz (foto no Dominio P\u00fablico) &nbsp; \u201cCORRIENTE DEL GOLFO\u201d Xos\u00e9 Carlos Rodr\u00edguez Ra\u00f1\u00f3n &nbsp;&nbsp; &nbsp;As\u00ed se titula o disco homenaxe a Lorca en Cuba (no 125 aniversario do nacemento do poeta de Fuentevaqueros, os mesmos que cumpre, por certo, a Xeraci\u00f3n do 98) do pianista vigu\u00e9s Alberto Conde. A visita de Federico \u00e1 illa [&hellip;]<\/p>\n","protected":false},"author":3,"featured_media":1407,"comment_status":"open","ping_status":"closed","sticky":false,"template":"","format":"standard","meta":{"activitypub_content_warning":"","activitypub_content_visibility":"","activitypub_max_image_attachments":3,"activitypub_interaction_policy_quote":"anyone","activitypub_status":"","footnotes":""},"categories":[1],"tags":[10,11,31],"class_list":["post-1406","post","type-post","status-publish","format-standard","has-post-thumbnail","hentry","category-sen-categoria","tag-cultura","tag-historia","tag-xose-carlos-rodriguez-ranon"],"_links":{"self":[{"href":"https:\/\/blogs.amarinha.gal\/ribadeando\/wp-json\/wp\/v2\/posts\/1406","targetHints":{"allow":["GET"]}}],"collection":[{"href":"https:\/\/blogs.amarinha.gal\/ribadeando\/wp-json\/wp\/v2\/posts"}],"about":[{"href":"https:\/\/blogs.amarinha.gal\/ribadeando\/wp-json\/wp\/v2\/types\/post"}],"author":[{"embeddable":true,"href":"https:\/\/blogs.amarinha.gal\/ribadeando\/wp-json\/wp\/v2\/users\/3"}],"replies":[{"embeddable":true,"href":"https:\/\/blogs.amarinha.gal\/ribadeando\/wp-json\/wp\/v2\/comments?post=1406"}],"version-history":[{"count":0,"href":"https:\/\/blogs.amarinha.gal\/ribadeando\/wp-json\/wp\/v2\/posts\/1406\/revisions"}],"wp:featuredmedia":[{"embeddable":true,"href":"https:\/\/blogs.amarinha.gal\/ribadeando\/wp-json\/wp\/v2\/media\/1407"}],"wp:attachment":[{"href":"https:\/\/blogs.amarinha.gal\/ribadeando\/wp-json\/wp\/v2\/media?parent=1406"}],"wp:term":[{"taxonomy":"category","embeddable":true,"href":"https:\/\/blogs.amarinha.gal\/ribadeando\/wp-json\/wp\/v2\/categories?post=1406"},{"taxonomy":"post_tag","embeddable":true,"href":"https:\/\/blogs.amarinha.gal\/ribadeando\/wp-json\/wp\/v2\/tags?post=1406"}],"curies":[{"name":"wp","href":"https:\/\/api.w.org\/{rel}","templated":true}]}}