{"id":13991,"date":"2025-03-27T15:18:49","date_gmt":"2025-03-27T14:18:49","guid":{"rendered":"https:\/\/blogs.amarinha.gal\/ribadeando\/?p=13991"},"modified":"2025-03-27T15:28:48","modified_gmt":"2025-03-27T14:28:48","slug":"contradicion","status":"publish","type":"post","link":"https:\/\/blogs.amarinha.gal\/ribadeando\/2025\/03\/27\/contradicion\/","title":{"rendered":"Contradici\u00f3n"},"content":{"rendered":"\n<figure class=\"wp-block-image size-large\"><img loading=\"lazy\" decoding=\"async\" width=\"1024\" height=\"424\" src=\"https:\/\/blogs.amarinha.gal\/ribadeando\/wp-content\/uploads\/sites\/4\/2025\/03\/Captura-de-pantalla-de-2025-03-27-15-07-45-1024x424.png\" alt=\"\" class=\"wp-image-13993\" srcset=\"https:\/\/blogs.amarinha.gal\/ribadeando\/wp-content\/uploads\/sites\/4\/2025\/03\/Captura-de-pantalla-de-2025-03-27-15-07-45-1024x424.png 1024w, https:\/\/blogs.amarinha.gal\/ribadeando\/wp-content\/uploads\/sites\/4\/2025\/03\/Captura-de-pantalla-de-2025-03-27-15-07-45-300x124.png 300w, https:\/\/blogs.amarinha.gal\/ribadeando\/wp-content\/uploads\/sites\/4\/2025\/03\/Captura-de-pantalla-de-2025-03-27-15-07-45-768x318.png 768w, https:\/\/blogs.amarinha.gal\/ribadeando\/wp-content\/uploads\/sites\/4\/2025\/03\/Captura-de-pantalla-de-2025-03-27-15-07-45-1536x635.png 1536w, https:\/\/blogs.amarinha.gal\/ribadeando\/wp-content\/uploads\/sites\/4\/2025\/03\/Captura-de-pantalla-de-2025-03-27-15-07-45.png 1557w\" sizes=\"auto, (max-width: 1024px) 100vw, 1024px\" \/><figcaption class=\"wp-element-caption\">Imaxe do plano da zona das Catedrais. <a href=\"https:\/\/www.openstreetmap.org\">https:\/\/www.openstreetmap.org<\/a>, con<a href=\"https:\/\/opendatacommons.org\/licenses\/odbl\/\">Licenza Open Data Commons Open Database<\/a><\/figcaption><\/figure>\n\n\n\n<p>S\u00f3 algunhas verbas para explicitar o que considero unha contradici\u00f3n e facer alg\u00fan comentario.<\/p>\n\n\n\n<p>Hai cousa de mes e medio sinalei no blog a petici\u00f3n de permiso para un chiringuito nas Catedrais (<a href=\"https:\/\/blogs.amarinha.gal\/ribadeando\/2025\/02\/13\/unha-curiosidade-e-algo-mais-informacion-publica-do-chiringuito-da-praia-das-catedrais\/\">Unha curiosidade e algo m\u00e1is: Informaci\u00f3n p\u00fablica do chiringuito da praia das Catedrais<\/a>) Al\u00ed lembraba que hab\u00eda un <a href=\"https:\/\/blogs.amarinha.gal\/ribadeando\/2020\/06\/08\/botalle-unha-ollada-o-plan-especial-de\/\">plan para As Catedrais<\/a>, promovido por anteriores gobernos municipais, e choc\u00e1bame a petici\u00f3n. Hoxe aparece nos medios (<a href=\"https:\/\/www.ribadeo.gal\/ribadeo-recibe-300-000-euros-de-fondos-europeos-destinados-a-incrementar-a-superficie-e-a-mellora-da-conectividade-no-litoral\/\">na web do concello foi o 12 de marzo<\/a>) que Ribadeo expropiar\u00e1 25 parcelas no entorno catedralicio para protexelo, co apoio e financiamento da UE, e, entendo, na li\u00f1a que presentou no seu momento o plan para As catedrais, e segundo foi aprobado en pleno. O primeiro foi algo que sa\u00edu no BOE, \u00e9 dicir, con soluci\u00f3n dependente do estado. O segundo, con impulso do concello. Pero, ambos, referentes \u00e1 protecci\u00f3n e relaci\u00f3n coa comunidade do mesmo lugar, o entorno das Catedrais. E ambos, ao menos en aparencia, contraditorios un co outro, m\u00e1is al\u00f3 de que esteamos ou non en desacordo\/acordo&#8230;<\/p>\n\n\n\n<p>Debo estar equivocado: nin goberno nin oposici\u00f3n manifestan nin parecen ver contradici\u00f3n&#8230;<\/p>\n","protected":false},"excerpt":{"rendered":"<p>S\u00f3 algunhas verbas para explicitar o que considero unha contradici\u00f3n e facer alg\u00fan comentario. Hai cousa de mes e medio sinalei no blog a petici\u00f3n de permiso para un chiringuito nas Catedrais (Unha curiosidade e algo m\u00e1is: Informaci\u00f3n p\u00fablica do chiringuito da praia das Catedrais) Al\u00ed lembraba que hab\u00eda un plan para As Catedrais, promovido [&hellip;]<\/p>\n","protected":false},"author":3,"featured_media":13993,"comment_status":"open","ping_status":"open","sticky":false,"template":"","format":"standard","meta":{"activitypub_content_warning":"","activitypub_content_visibility":"","activitypub_max_image_attachments":3,"activitypub_interaction_policy_quote":"anyone","activitypub_status":"federated","footnotes":""},"categories":[201,162,176,158],"tags":[105,26,13,9],"class_list":["post-13991","post","type-post","status-publish","format-standard","has-post-thumbnail","hentry","category-as-catedrais","category-medio","category-politica","category-sociedade","tag-catedrais","tag-medio","tag-politica","tag-sociedade"],"_links":{"self":[{"href":"https:\/\/blogs.amarinha.gal\/ribadeando\/wp-json\/wp\/v2\/posts\/13991","targetHints":{"allow":["GET"]}}],"collection":[{"href":"https:\/\/blogs.amarinha.gal\/ribadeando\/wp-json\/wp\/v2\/posts"}],"about":[{"href":"https:\/\/blogs.amarinha.gal\/ribadeando\/wp-json\/wp\/v2\/types\/post"}],"author":[{"embeddable":true,"href":"https:\/\/blogs.amarinha.gal\/ribadeando\/wp-json\/wp\/v2\/users\/3"}],"replies":[{"embeddable":true,"href":"https:\/\/blogs.amarinha.gal\/ribadeando\/wp-json\/wp\/v2\/comments?post=13991"}],"version-history":[{"count":3,"href":"https:\/\/blogs.amarinha.gal\/ribadeando\/wp-json\/wp\/v2\/posts\/13991\/revisions"}],"predecessor-version":[{"id":13995,"href":"https:\/\/blogs.amarinha.gal\/ribadeando\/wp-json\/wp\/v2\/posts\/13991\/revisions\/13995"}],"wp:featuredmedia":[{"embeddable":true,"href":"https:\/\/blogs.amarinha.gal\/ribadeando\/wp-json\/wp\/v2\/media\/13993"}],"wp:attachment":[{"href":"https:\/\/blogs.amarinha.gal\/ribadeando\/wp-json\/wp\/v2\/media?parent=13991"}],"wp:term":[{"taxonomy":"category","embeddable":true,"href":"https:\/\/blogs.amarinha.gal\/ribadeando\/wp-json\/wp\/v2\/categories?post=13991"},{"taxonomy":"post_tag","embeddable":true,"href":"https:\/\/blogs.amarinha.gal\/ribadeando\/wp-json\/wp\/v2\/tags?post=13991"}],"curies":[{"name":"wp","href":"https:\/\/api.w.org\/{rel}","templated":true}]}}