{"id":13883,"date":"2025-03-09T09:05:00","date_gmt":"2025-03-09T08:05:00","guid":{"rendered":"https:\/\/blogs.amarinha.gal\/ribadeando\/?p=13883"},"modified":"2025-03-10T15:16:39","modified_gmt":"2025-03-10T14:16:39","slug":"13883","status":"publish","type":"post","link":"https:\/\/blogs.amarinha.gal\/ribadeando\/2025\/03\/09\/13883\/","title":{"rendered":"&#8220;QUEERER SER&#8221;"},"content":{"rendered":"\n<p id=\"block-138e702a-4563-486b-89a3-6f6ee50900e7\"><em>\u201cQUEERER SER\u201d<\/em><\/p>\n\n\n\n<p><em><a href=\"https:\/\/blogs.amarinha.gal\/ribadeando\/category\/xose-carlos-rodriguez-ranon\/\">Xos\u00e9 Carlos Rodr\u00edguez Ra\u00f1\u00f3n<\/a><\/em><\/p>\n\n\n\n<p><em>O adxectivo \u201cqueer\u201d (na s\u00faa orixe raro en ingl\u00e9s) esl\u00fae e difumina os lindeiros entre o sexo e o x\u00e9nero, entre o biol\u00f3xico e o cultural, con toda a pol\u00e9mica que arestora est\u00e1 a xerar, mesmo dentro do colectivo LGTBIQ+, onde as posturas non s\u00f3 son un\u00e1nimes mais, mesmo \u00e1s veces, antag\u00f3nicas. O movemento ten tam\u00e9n moito de ideol\u00f3xico e econ\u00f3mico, situ\u00e1ndose no espectro do anticapitalismo, se \u00e9 que a\u00ednda se pode seguir a ser outra cousa que non sexa capitalista en maior ou menor medida. <br>Outros, como <a href=\"https:\/\/www.udllibros.com\/libro-%BFqu%E9_es_lo_queer_2%AA_edici%F3n-2530130004\">Lozano Gil<\/a>, cren que \u201c\u00e9 a en\u00e9sima t\u00e1ctica do neoliberalismo para encapsular unha disidencia, limitala e manufacturala baleir\u00e1ndoa do seu potencial subversivo e transform\u00e1ndoa nun espazo de mercado m\u00e1is, como xa sucedeu coas identidades gai, l\u00e9sbica e trans\u201d. Un bo exemplo disto ser\u00eda o recente e orixinal\u00edsimo filme \u201cEmilia P\u00e9rez\u201d de Jacques Audiard tan premiado no festival de Cannes.<br>O queer rexeita todo tipo de binarismo e cre nunha sexualidade m\u00e1is inclasific\u00e1bel e flu\u00edda en contraposici\u00f3n co \u201cneomachirulismo\u201d (que tanto abonda na \u201cfachosfera\u201d das redes sociais remex\u00e9ndose contra o politicamente correcto) e contra o que considera \u201cfeminismo conservador anti Trans\u201d como se puido ver, por exemplo, no \u00faltimo congreso federal do PSOE en Sevilla (por po\u00f1er en entredito as esencias biol\u00f3xicas do feminino), o cal mediante o hashtag #inqueersici\u00f3n denuncia a industria farmac\u00e9utica e as cl\u00ednicas de reasignaci\u00f3n de sexo por obter beneficio econ\u00f3mico dos tratamentos hormonais e das intervenci\u00f3ns cir\u00farxicas. Pola contra, nada di do mesmo referido \u00e1 simple cirurx\u00eda est\u00e9tica tanto para homes como para mulleres.<br>Por non falar tam\u00e9n do debate ling\u00fc\u00edstico que conleva en aspectos como o x\u00e9nero gramatical masculino, feminino e neutro, a linguaxe inclusiva e non marcada ou mesmo a duplicada.<\/em><\/p>\n","protected":false},"excerpt":{"rendered":"<p>\u201cQUEERER SER\u201d Xos\u00e9 Carlos Rodr\u00edguez Ra\u00f1\u00f3n O adxectivo \u201cqueer\u201d (na s\u00faa orixe raro en ingl\u00e9s) esl\u00fae e difumina os lindeiros entre o sexo e o x\u00e9nero, entre o biol\u00f3xico e o cultural, con toda a pol\u00e9mica que arestora est\u00e1 a xerar, mesmo dentro do colectivo LGTBIQ+, onde as posturas non s\u00f3 son un\u00e1nimes mais, mesmo [&hellip;]<\/p>\n","protected":false},"author":3,"featured_media":13884,"comment_status":"open","ping_status":"open","sticky":false,"template":"","format":"standard","meta":{"activitypub_content_warning":"","activitypub_content_visibility":"","activitypub_max_image_attachments":3,"activitypub_interaction_policy_quote":"anyone","activitypub_status":"federated","footnotes":""},"categories":[168],"tags":[31],"class_list":["post-13883","post","type-post","status-publish","format-standard","has-post-thumbnail","hentry","category-xose-carlos-rodriguez-ranon","tag-xose-carlos-rodriguez-ranon"],"_links":{"self":[{"href":"https:\/\/blogs.amarinha.gal\/ribadeando\/wp-json\/wp\/v2\/posts\/13883","targetHints":{"allow":["GET"]}}],"collection":[{"href":"https:\/\/blogs.amarinha.gal\/ribadeando\/wp-json\/wp\/v2\/posts"}],"about":[{"href":"https:\/\/blogs.amarinha.gal\/ribadeando\/wp-json\/wp\/v2\/types\/post"}],"author":[{"embeddable":true,"href":"https:\/\/blogs.amarinha.gal\/ribadeando\/wp-json\/wp\/v2\/users\/3"}],"replies":[{"embeddable":true,"href":"https:\/\/blogs.amarinha.gal\/ribadeando\/wp-json\/wp\/v2\/comments?post=13883"}],"version-history":[{"count":3,"href":"https:\/\/blogs.amarinha.gal\/ribadeando\/wp-json\/wp\/v2\/posts\/13883\/revisions"}],"predecessor-version":[{"id":13923,"href":"https:\/\/blogs.amarinha.gal\/ribadeando\/wp-json\/wp\/v2\/posts\/13883\/revisions\/13923"}],"wp:featuredmedia":[{"embeddable":true,"href":"https:\/\/blogs.amarinha.gal\/ribadeando\/wp-json\/wp\/v2\/media\/13884"}],"wp:attachment":[{"href":"https:\/\/blogs.amarinha.gal\/ribadeando\/wp-json\/wp\/v2\/media?parent=13883"}],"wp:term":[{"taxonomy":"category","embeddable":true,"href":"https:\/\/blogs.amarinha.gal\/ribadeando\/wp-json\/wp\/v2\/categories?post=13883"},{"taxonomy":"post_tag","embeddable":true,"href":"https:\/\/blogs.amarinha.gal\/ribadeando\/wp-json\/wp\/v2\/tags?post=13883"}],"curies":[{"name":"wp","href":"https:\/\/api.w.org\/{rel}","templated":true}]}}