{"id":13704,"date":"2025-02-05T10:14:00","date_gmt":"2025-02-05T09:14:00","guid":{"rendered":"https:\/\/blogs.amarinha.gal\/ribadeando\/2025\/02\/05\/remata-o-pleno-votando-contra-a-lei\/"},"modified":"2025-02-05T10:14:00","modified_gmt":"2025-02-05T09:14:00","slug":"remata-o-pleno-votando-contra-a-lei","status":"publish","type":"post","link":"https:\/\/blogs.amarinha.gal\/ribadeando\/2025\/02\/05\/remata-o-pleno-votando-contra-a-lei\/","title":{"rendered":"Remata o pleno votando contra a lei?"},"content":{"rendered":"<p style=\"text-align: center\">\n<table align=\"center\" cellpadding=\"0\" cellspacing=\"0\" style=\"margin-left: auto;margin-right: auto\">\n<tbody>\n<tr>\n<td style=\"text-align: center\"><a href=\"https:\/\/blogger.googleusercontent.com\/img\/b\/R29vZ2xl\/AVvXsEgboLs9-ELvZ5nyK_mQq8QWx47DpSSLSsUl5_9a1oTNf6mjlU6q_EskDSZtNpNLM_GOK-v5RO4WRDZ59HvN_7hrxXuWuwuJh_xyhB2pnmXuPhcSDVt5sTdzZMM6dcegMnvePSwDjRluhBccUf7jNU5lGTOje-wU970FP78oztLIv6X0WOV9r4xzpA\/s690\/pleno%2020250204.jpg.jpg\" style=\"margin-left: auto;margin-right: auto\"><img loading=\"lazy\" decoding=\"async\" border=\"0\" data-original-height=\"388\" data-original-width=\"690\" height=\"357\" src=\"https:\/\/blogger.googleusercontent.com\/img\/b\/R29vZ2xl\/AVvXsEgboLs9-ELvZ5nyK_mQq8QWx47DpSSLSsUl5_9a1oTNf6mjlU6q_EskDSZtNpNLM_GOK-v5RO4WRDZ59HvN_7hrxXuWuwuJh_xyhB2pnmXuPhcSDVt5sTdzZMM6dcegMnvePSwDjRluhBccUf7jNU5lGTOje-wU970FP78oztLIv6X0WOV9r4xzpA\/w634-h357\/pleno%2020250204.jpg.jpg\" width=\"634\" \/><\/a><\/td>\n<\/tr>\n<tr>\n<td style=\"text-align: center\"><span style=\"font-size: x-small\">Antes de comezar o pleno<\/span><\/td>\n<\/tr>\n<\/tbody>\n<\/table>\n<p><\/p>\n<p style=\"text-align: center\">Remata o pleno votando contra a lei?<\/p>\n<p style=\"text-align: right\"><i><span style=\"font-size: x-small\">A vida est\u00e1 chea de cousas absurdas<\/span><br \/>\n<\/i><\/p>\n<p style=\"text-align: right\"><i><i><span style=\"font-size: x-small\">que poden dar a impresi\u00f3n de non ser ver\u00eddicas.<\/span><br \/>\n<\/i><\/i><\/p>\n<p style=\"text-align: right\"><i><i><i><span style=\"font-size: x-small\">Sabes por que?<\/span><br \/>\n<\/i><\/i><\/i><\/p>\n<p style=\"text-align: right\"><i><i><i><i><span style=\"font-size: x-small\">Porque esas cousas absurdas son verdadeiras.<\/span><br \/>\n<\/i><\/i><\/i><\/i><\/p>\n<p style=\"text-align: right\"><i><i><i><i><span style=\"font-size: x-small\">(L. Pirandello, Seis personaxes na procura de autor)<\/span><\/i><br \/><\/i><\/i><\/i><\/p>\n<p style=\"text-align: justify\"><i><i><br \/>\n<\/i><\/i><span>1.- &nbsp;&nbsp; <\/span>Lembremos: un <a href=\"https:\/\/www.ribadeando.com\/2025\/02\/martes-4f-actividade-no-concello.html\" rel=\"nofollow\" target=\"_blank\">pleno<\/a> extraordinario obrigado pola oposici\u00f3n sobre a corta indiscriminada de \u00e1rbores dos \u00faltimos tempos&#8230;<\/p>\n<p style=\"text-align: justify\"><span>&nbsp;&nbsp; &nbsp;<\/span>O de onte -martes 20250204- foi curioso, si. Un pleno que encara o seu remate do seguinte xeito: pasando de votar as propostas ata que dende o p\u00fablico se pregunta por elas. Un pleno no que logo diso o alcalde contin\u00faa falando e dicindo que se est\u00e1 a cumplir a legalidade que piden as propostas, que por fin pasa a votaci\u00f3n e o grupo maioritario vota en contra da mesma proposta que remata de ser declarada cumplida e legal por parte do alcalde&#8230; (a primeira, paralizaci\u00f3n inmediata das cortas, entendo que seguiu sen ser votada)<\/p>\n<p style=\"text-align: justify\"><span>&nbsp;&nbsp;&nbsp; <\/span>A espera de solucionar problemas t\u00e9cnicos coa reproduci\u00f3n aqu\u00ed do audio recollido, sigo o resumen do pleno, de xeito r\u00e1pido: unha vez feita a exposici\u00f3n, longa e detallada, por parte da oposici\u00f3n \u00f3 comezo da sesi\u00f3n, o alcalde pasou a lembrar episodios de pasados mandatos (&#8216;lexislaturas&#8217;, segundo el) por un bo tempo, e, do pouco que falou sobre o tema enriba da mesa, a contradicir as s\u00faas verbas anteriores -documentadas- e mesmo algunhas das ditas un pouco antes no mesmo pleno para tentar xustificar que todo estaba correcto, axustando que &#8216;eles&#8217; (o equipo de goberno, do que s\u00f3 falou el) fac\u00edan todo ben, e que se algunha vez erraban, non se lles ca\u00edan os aneis por pedir perd\u00f3n (ainda sigo esperando que o faiga). Cara \u00f3 final, o p\u00fablico interrompeu varias veces \u00f3 ver que o alcalde falaba dando voltas sen dicir nada relacionado coa corta indiscriminada de \u00e1rbores, motivo do pleno.<\/p>\n<p style=\"text-align: justify\"><span>&nbsp;&nbsp;&nbsp; <\/span>Pleno de hora e media, con asistencia de 35 persoas de p\u00fablico (con xente de p\u00e9), despois de celebrarse nun sitio non anunciado (estaba anunciado para o sal\u00f3n de plenos e celebrouse no de alcaldes por obras no outro), con accesos non ben sinalados (a escaleira principal resultou estar en obras, e o \u00fanico cartel indicador que puiden ver estaba \u00f3 fondo do corredor, \u00e1 beira das escaleiras que hab\u00eda que usar).<\/p>\n<p style=\"text-align: justify\"><span>&nbsp;&nbsp;&nbsp; <\/span>Unha nota final: Hai s\u00f3 poucos d\u00edas que escrib\u00edn unha petici\u00f3n para que se colgase na web documentaci\u00f3n sobre unha modificaci\u00f3n do PXOM afectando a unha zona verde de Ribadeo, que debera estar exposta dende case un mes antes. Pouco despois da petici\u00f3n, p\u00faxose. A petici\u00f3n inclu\u00eda un aviso: se non se pon, non corren os prazos e a votaci\u00f3n realizada no pleno non serve de nada&#8230; Non citaba na petici\u00f3n a falta de transparencia que o desleixe implicaba. \u00c9 s\u00f3 un de tantos dos episodios ocurridos ultimamente. Deixo en baixo unha copia parcial do documento de petici\u00f3n:<\/p>\n<div style=\"clear: both;text-align: center\"><i><i><a href=\"https:\/\/blogger.googleusercontent.com\/img\/b\/R29vZ2xl\/AVvXsEjBFgoJ5gxX7_8JWEkSnuiihdhGaqAyCT9bxTPm26cRXDR5tH4qdUqjfyGhEY632oGyBQCQ7pvTV7PmOaWbMY2zHXo_zpOBQuLt6opxHl_QVXNA4GLNxJge8D9s9Ak-eP7t0AYbJTlcfq-t12wzw1-UXbyS8id5KmAHEQGz1OPl8qi5jLCatNytwQ\/s959\/Captura%20de%20pantalla%20de%202025-02-05%2010-10-10.png\" style=\"margin-left: 1em;margin-right: 1em\"><img loading=\"lazy\" decoding=\"async\" border=\"0\" data-original-height=\"862\" data-original-width=\"959\" height=\"589\" src=\"https:\/\/blogger.googleusercontent.com\/img\/b\/R29vZ2xl\/AVvXsEjBFgoJ5gxX7_8JWEkSnuiihdhGaqAyCT9bxTPm26cRXDR5tH4qdUqjfyGhEY632oGyBQCQ7pvTV7PmOaWbMY2zHXo_zpOBQuLt6opxHl_QVXNA4GLNxJge8D9s9Ak-eP7t0AYbJTlcfq-t12wzw1-UXbyS8id5KmAHEQGz1OPl8qi5jLCatNytwQ\/w654-h589\/Captura%20de%20pantalla%20de%202025-02-05%2010-10-10.png\" width=\"654\" \/><\/a><\/i><\/i><\/div>\n<p><i><i><br \/>\n<\/i><\/i>2.-<span>&nbsp;&nbsp;&nbsp; <\/span>Como ampliaci\u00f3n, unhas horas despois, aumento:<\/p>\n<p>2.1.-A nova, <a href=\"https:\/\/www.cronica3.com\/2025\/02\/o-bng-afirma-que-no-pleno-extraordinario-reclamado-pola-oposicion-daniel-vega-defendeu-a-corta-indiscriminada-de-arbores-e-negou-a-publica-intencion-de-reformar-o-parque-de-san-francisco\/\" rel=\"nofollow\" target=\"_blank\">en Cr\u00f3nica 3<\/a> (nota de prensa do BNG).<\/p>\n<p>2.2.-Engado a entradilla do comezo.<\/p>\n<p>2.3.-Vexo que vou tardar en solucionar o problema t\u00e9cnico para a publicaci\u00f3n do audio, polo que \u00e9 de esperar que ata os pr\u00f3ximos d\u00edas, en entrada aparte, non o d\u00e9 feito.<\/p>\n<div>Escrito por Agremon en Ribadeando, https:\/\/ribadeando.com, o blog de Ribadeo<\/div>\n","protected":false},"excerpt":{"rendered":"<p>Antes de comezar o pleno Remata o pleno votando contra a lei? A vida est\u00e1 chea de cousas absurdas que poden dar a impresi\u00f3n de non ser ver\u00eddicas. Sabes por que? Porque esas cousas absurdas son verdadeiras. (L. Pirandello, Seis personaxes na procura de autor) 1.- &nbsp;&nbsp; Lembremos: un pleno extraordinario obrigado pola oposici\u00f3n sobre [&hellip;]<\/p>\n","protected":false},"author":3,"featured_media":0,"comment_status":"open","ping_status":"open","sticky":false,"template":"","format":"standard","meta":{"activitypub_content_warning":"","activitypub_content_visibility":"","activitypub_max_image_attachments":3,"activitypub_interaction_policy_quote":"anyone","activitypub_status":"federated","footnotes":""},"categories":[162,172,158],"tags":[],"class_list":["post-13704","post","type-post","status-publish","format-standard","hentry","category-medio","category-plenos","category-sociedade"],"_links":{"self":[{"href":"https:\/\/blogs.amarinha.gal\/ribadeando\/wp-json\/wp\/v2\/posts\/13704","targetHints":{"allow":["GET"]}}],"collection":[{"href":"https:\/\/blogs.amarinha.gal\/ribadeando\/wp-json\/wp\/v2\/posts"}],"about":[{"href":"https:\/\/blogs.amarinha.gal\/ribadeando\/wp-json\/wp\/v2\/types\/post"}],"author":[{"embeddable":true,"href":"https:\/\/blogs.amarinha.gal\/ribadeando\/wp-json\/wp\/v2\/users\/3"}],"replies":[{"embeddable":true,"href":"https:\/\/blogs.amarinha.gal\/ribadeando\/wp-json\/wp\/v2\/comments?post=13704"}],"version-history":[{"count":0,"href":"https:\/\/blogs.amarinha.gal\/ribadeando\/wp-json\/wp\/v2\/posts\/13704\/revisions"}],"wp:attachment":[{"href":"https:\/\/blogs.amarinha.gal\/ribadeando\/wp-json\/wp\/v2\/media?parent=13704"}],"wp:term":[{"taxonomy":"category","embeddable":true,"href":"https:\/\/blogs.amarinha.gal\/ribadeando\/wp-json\/wp\/v2\/categories?post=13704"},{"taxonomy":"post_tag","embeddable":true,"href":"https:\/\/blogs.amarinha.gal\/ribadeando\/wp-json\/wp\/v2\/tags?post=13704"}],"curies":[{"name":"wp","href":"https:\/\/api.w.org\/{rel}","templated":true}]}}