{"id":13703,"date":"2025-02-05T16:12:00","date_gmt":"2025-02-05T15:12:00","guid":{"rendered":"https:\/\/blogs.amarinha.gal\/ribadeando\/2025\/02\/05\/remata-o-pleno-votando-contra-a-lei-audio\/"},"modified":"2025-02-05T16:12:00","modified_gmt":"2025-02-05T15:12:00","slug":"remata-o-pleno-votando-contra-a-lei-audio","status":"publish","type":"post","link":"https:\/\/blogs.amarinha.gal\/ribadeando\/2025\/02\/05\/remata-o-pleno-votando-contra-a-lei-audio\/","title":{"rendered":"Remata o pleno votando contra a lei? Audio"},"content":{"rendered":"<p style=\"text-align: justify\"><span><\/span><\/p>\n<table align=\"center\" cellpadding=\"0\" cellspacing=\"0\" style=\"margin-left: auto;margin-right: auto\">\n<tbody>\n<tr>\n<td style=\"text-align: center\"><a href=\"https:\/\/blogger.googleusercontent.com\/img\/b\/R29vZ2xl\/AVvXsEhLuuiUf1tEhE3HMCydzOCVhmze2BmtVbkwidwxeJTAOYJF-yBkngFYKC3G45PjD2BFeiwn3gddj4RteVEnmfZUlnQ0xmRVLUPp8n0V6m_Gk7FeijM_ff6W2dTYDgjReg92hMNRl2XLaj4kBbf3B-6ZM5Nb65z7r37oTIvnwEbVdR2ya8WeGqLliw\/s977\/WhatsApp%20Image%202025-02-05%20at%2016.20.10.jpeg\" style=\"margin-left: auto;margin-right: auto\"><img loading=\"lazy\" decoding=\"async\" border=\"0\" data-original-height=\"733\" data-original-width=\"977\" height=\"461\" src=\"https:\/\/blogger.googleusercontent.com\/img\/b\/R29vZ2xl\/AVvXsEhLuuiUf1tEhE3HMCydzOCVhmze2BmtVbkwidwxeJTAOYJF-yBkngFYKC3G45PjD2BFeiwn3gddj4RteVEnmfZUlnQ0xmRVLUPp8n0V6m_Gk7FeijM_ff6W2dTYDgjReg92hMNRl2XLaj4kBbf3B-6ZM5Nb65z7r37oTIvnwEbVdR2ya8WeGqLliw\/w615-h461\/WhatsApp%20Image%202025-02-05%20at%2016.20.10.jpeg\" width=\"615\" \/><\/a><\/td>\n<\/tr>\n<tr>\n<td style=\"text-align: center\"><span style=\"font-size: x-small\">O teixo de Arante, \u00e1rbore senlleira dada onte por desaufizada polo alcalde. Autor desco\u00f1ecido<\/span><\/td>\n<\/tr>\n<\/tbody>\n<\/table>\n<p><span><br \/><\/span><\/p>\n<p style=\"text-align: justify\"><span>&nbsp;&nbsp;&nbsp; <\/span>A\u00ednda con problema, xa podo compartir o audio da sesi\u00f3n do <a href=\"https:\/\/www.ribadeando.com\/2025\/02\/remata-o-pleno-votando-contra-lei.html\" rel=\"nofollow\" target=\"_blank\">pleno extraordinario e obrigado de 20250204 en Ribadeo<\/a>. Tomado dende o fondo da sala, hora e media, sen editar. Componse de breve intervenci\u00f3n do alcalde para abrir o pleno, presentaci\u00f3n das propostas a cargo de <a href=\"https:\/\/www.ribadeando.com\/search?q=Pablo%20Vizoso\" rel=\"nofollow\" target=\"_blank\">Pablo Vizoso<\/a> (BNG), breve intervenci\u00f3n de <a href=\"https:\/\/www.ribadeando.com\/search?q=Marta%20Garc%C3%ADa%20Rey\" rel=\"nofollow\" target=\"_blank\">Marta Garc\u00eda Rey<\/a> (PSOE), longa intervenci\u00f3n do alcalde <a href=\"https:\/\/www.ribadeando.com\/search?q=Daniel+Vega\" rel=\"nofollow\" target=\"_blank\">Daniel Vega<\/a>, resposta de Pablo Vizoso, inclu\u00edndo audios de entrevistas, e remate tam\u00e9n longo do alcalde. Audio dende Acast, <a href=\"https:\/\/shows.acast.com\/ribadeando\">https:\/\/shows.acast.com\/ribadeando<\/a>:<\/p>\n<p>&nbsp;O audio, noutra plataforma:<\/p>\n<p>\n  <\/p>\n<div>Escrito por Agremon en Ribadeando, https:\/\/ribadeando.com, o blog de Ribadeo<\/div>\n","protected":false},"excerpt":{"rendered":"<p>O teixo de Arante, \u00e1rbore senlleira dada onte por desaufizada polo alcalde. Autor desco\u00f1ecido &nbsp;&nbsp;&nbsp; A\u00ednda con problema, xa podo compartir o audio da sesi\u00f3n do pleno extraordinario e obrigado de 20250204 en Ribadeo. Tomado dende o fondo da sala, hora e media, sen editar. Componse de breve intervenci\u00f3n do alcalde para abrir o pleno, [&hellip;]<\/p>\n","protected":false},"author":3,"featured_media":0,"comment_status":"open","ping_status":"open","sticky":false,"template":"","format":"standard","meta":{"activitypub_content_warning":"","activitypub_content_visibility":"","activitypub_max_image_attachments":3,"activitypub_interaction_policy_quote":"anyone","activitypub_status":"federated","footnotes":""},"categories":[172,181],"tags":[],"class_list":["post-13703","post","type-post","status-publish","format-standard","hentry","category-plenos","category-podcast"],"_links":{"self":[{"href":"https:\/\/blogs.amarinha.gal\/ribadeando\/wp-json\/wp\/v2\/posts\/13703","targetHints":{"allow":["GET"]}}],"collection":[{"href":"https:\/\/blogs.amarinha.gal\/ribadeando\/wp-json\/wp\/v2\/posts"}],"about":[{"href":"https:\/\/blogs.amarinha.gal\/ribadeando\/wp-json\/wp\/v2\/types\/post"}],"author":[{"embeddable":true,"href":"https:\/\/blogs.amarinha.gal\/ribadeando\/wp-json\/wp\/v2\/users\/3"}],"replies":[{"embeddable":true,"href":"https:\/\/blogs.amarinha.gal\/ribadeando\/wp-json\/wp\/v2\/comments?post=13703"}],"version-history":[{"count":0,"href":"https:\/\/blogs.amarinha.gal\/ribadeando\/wp-json\/wp\/v2\/posts\/13703\/revisions"}],"wp:attachment":[{"href":"https:\/\/blogs.amarinha.gal\/ribadeando\/wp-json\/wp\/v2\/media?parent=13703"}],"wp:term":[{"taxonomy":"category","embeddable":true,"href":"https:\/\/blogs.amarinha.gal\/ribadeando\/wp-json\/wp\/v2\/categories?post=13703"},{"taxonomy":"post_tag","embeddable":true,"href":"https:\/\/blogs.amarinha.gal\/ribadeando\/wp-json\/wp\/v2\/tags?post=13703"}],"curies":[{"name":"wp","href":"https:\/\/api.w.org\/{rel}","templated":true}]}}