{"id":13702,"date":"2025-02-06T15:34:00","date_gmt":"2025-02-06T14:34:00","guid":{"rendered":"https:\/\/blogs.amarinha.gal\/ribadeando\/2025\/02\/06\/remata-o-pleno-votando-contra-a-lei-video-e-fin\/"},"modified":"2025-02-06T15:34:00","modified_gmt":"2025-02-06T14:34:00","slug":"remata-o-pleno-votando-contra-a-lei-video-e-fin","status":"publish","type":"post","link":"https:\/\/blogs.amarinha.gal\/ribadeando\/2025\/02\/06\/remata-o-pleno-votando-contra-a-lei-video-e-fin\/","title":{"rendered":"Remata o pleno votando contra a lei? Video (e fin)"},"content":{"rendered":"<\/p>\n<table align=\"center\" cellpadding=\"0\" cellspacing=\"0\" style=\"margin-left: auto;margin-right: auto\">\n<tbody>\n<tr>\n<td style=\"text-align: center\"><a href=\"https:\/\/blogger.googleusercontent.com\/img\/b\/R29vZ2xl\/AVvXsEgRUfLM91IcWCtW0pYbbICLht0mvnsp68Cik7o19lP_iZ4ks6BntB_aaMdaMHn8JbncE28fURwyYxij6HdzVtS1B4QKLUELn21TowuyUwESZmrJQwB_bnwfJUagC6NUQQzoVYPvphdnqiFt6-d6tRUKwflHz7ou4x6E39FHBA2t1ywdbGOZ0MAa1A\/s1280\/photo_5985400835716270315_y.jpg\" style=\"margin-left: auto;margin-right: auto\"><img loading=\"lazy\" decoding=\"async\" border=\"0\" data-original-height=\"960\" data-original-width=\"1280\" height=\"476\" src=\"https:\/\/blogger.googleusercontent.com\/img\/b\/R29vZ2xl\/AVvXsEgRUfLM91IcWCtW0pYbbICLht0mvnsp68Cik7o19lP_iZ4ks6BntB_aaMdaMHn8JbncE28fURwyYxij6HdzVtS1B4QKLUELn21TowuyUwESZmrJQwB_bnwfJUagC6NUQQzoVYPvphdnqiFt6-d6tRUKwflHz7ou4x6E39FHBA2t1ywdbGOZ0MAa1A\/w634-h476\/photo_5985400835716270315_y.jpg\" width=\"634\" \/><\/a><\/td>\n<\/tr>\n<tr>\n<td style=\"text-align: center\"><span style=\"font-size: x-small\">Foto de Suso Fern\u00e1ndez. 17 de decembro de 2024.<\/span><\/td>\n<\/tr>\n<\/tbody>\n<\/table>\n<p><\/p>\n<p style=\"text-align: justify\"><span>&nbsp;&nbsp;&nbsp; <\/span>Como \u00faltima entrega do pleno do martes 20250204 en Ribadeo sobre o &#8216;tratamento&#8217; que se lles est\u00e1 a dar \u00e1s <a href=\"https:\/\/www.ribadeando.com\/search?q=%C3%A1rbores\" rel=\"nofollow\" target=\"_blank\">\u00e1rbores<\/a>, adxunto en formato v\u00eddeo os audios tratados por <a href=\"https:\/\/www.ribadeando.com\/search\/label\/Suso%20Fern%C3%A1ndez\" rel=\"nofollow\" target=\"_blank\">Suso Fern\u00e1ndez<\/a>, distinguindo no nome por orde de intervenci\u00f3n e por nome de quen interv\u00e9n maioritariamente.<\/p>\n<p style=\"text-align: justify\"><span>&nbsp;&nbsp;&nbsp; <\/span>(<a href=\"https:\/\/www.ribadeando.com\/2025\/02\/remata-o-pleno-votando-contra-lei.html\" rel=\"nofollow\" target=\"_blank\">1\u00aa<\/a> e <a href=\"https:\/\/www.ribadeando.com\/2025\/02\/remato-o-pleno-votando-contra-lei-audio.html\" rel=\"nofollow\" target=\"_blank\">2\u00aa entrega<\/a> sobre o trasncurso deste pleno) <\/p>\n<p style=\"text-align: justify\">\n<div style=\"clear: both;text-align: center\"><\/div>\n<p>&nbsp;<\/p>\n<div style=\"clear: both;text-align: center\"><\/div>\n<\/p>\n<div style=\"clear: both;text-align: center\"><\/div>\n<p><\/p>\n<p>&nbsp;<\/p>\n<div style=\"clear: both;text-align: center\"><\/div>\n<\/p>\n<p><\/p>\n<div style=\"clear: both;text-align: center\"><\/div>\n<p><\/p>\n<p><\/p>\n<div>Escrito por Agremon en Ribadeando, https:\/\/ribadeando.com, o blog de Ribadeo<\/div>\n","protected":false},"excerpt":{"rendered":"<p>Foto de Suso Fern\u00e1ndez. 17 de decembro de 2024. &nbsp;&nbsp;&nbsp; Como \u00faltima entrega do pleno do martes 20250204 en Ribadeo sobre o &#8216;tratamento&#8217; que se lles est\u00e1 a dar \u00e1s \u00e1rbores, adxunto en formato v\u00eddeo os audios tratados por Suso Fern\u00e1ndez, distinguindo no nome por orde de intervenci\u00f3n e por nome de quen interv\u00e9n maioritariamente. [&hellip;]<\/p>\n","protected":false},"author":3,"featured_media":0,"comment_status":"open","ping_status":"open","sticky":false,"template":"","format":"standard","meta":{"activitypub_content_warning":"","activitypub_content_visibility":"","activitypub_max_image_attachments":3,"activitypub_interaction_policy_quote":"anyone","activitypub_status":"federated","footnotes":""},"categories":[162,172,158,174],"tags":[],"class_list":["post-13702","post","type-post","status-publish","format-standard","hentry","category-medio","category-plenos","category-sociedade","category-suso-fernandez"],"_links":{"self":[{"href":"https:\/\/blogs.amarinha.gal\/ribadeando\/wp-json\/wp\/v2\/posts\/13702","targetHints":{"allow":["GET"]}}],"collection":[{"href":"https:\/\/blogs.amarinha.gal\/ribadeando\/wp-json\/wp\/v2\/posts"}],"about":[{"href":"https:\/\/blogs.amarinha.gal\/ribadeando\/wp-json\/wp\/v2\/types\/post"}],"author":[{"embeddable":true,"href":"https:\/\/blogs.amarinha.gal\/ribadeando\/wp-json\/wp\/v2\/users\/3"}],"replies":[{"embeddable":true,"href":"https:\/\/blogs.amarinha.gal\/ribadeando\/wp-json\/wp\/v2\/comments?post=13702"}],"version-history":[{"count":0,"href":"https:\/\/blogs.amarinha.gal\/ribadeando\/wp-json\/wp\/v2\/posts\/13702\/revisions"}],"wp:attachment":[{"href":"https:\/\/blogs.amarinha.gal\/ribadeando\/wp-json\/wp\/v2\/media?parent=13702"}],"wp:term":[{"taxonomy":"category","embeddable":true,"href":"https:\/\/blogs.amarinha.gal\/ribadeando\/wp-json\/wp\/v2\/categories?post=13702"},{"taxonomy":"post_tag","embeddable":true,"href":"https:\/\/blogs.amarinha.gal\/ribadeando\/wp-json\/wp\/v2\/tags?post=13702"}],"curies":[{"name":"wp","href":"https:\/\/api.w.org\/{rel}","templated":true}]}}