{"id":13687,"date":"2025-02-19T10:18:00","date_gmt":"2025-02-19T09:18:00","guid":{"rendered":"https:\/\/blogs.amarinha.gal\/ribadeando\/2025\/02\/19\/pleno-ribadeo-20250218-extraordinario\/"},"modified":"2025-02-19T10:18:00","modified_gmt":"2025-02-19T09:18:00","slug":"pleno-ribadeo-20250218-extraordinario","status":"publish","type":"post","link":"https:\/\/blogs.amarinha.gal\/ribadeando\/2025\/02\/19\/pleno-ribadeo-20250218-extraordinario\/","title":{"rendered":"Pleno Ribadeo 20250218 extraordinario"},"content":{"rendered":"<p style=\"text-align: center\"><span><a href=\"https:\/\/www.ribadeando.com\/search\/label\/plenos\" rel=\"nofollow\" target=\"_blank\">Pleno<\/a> en Ribadeo 20250218, extraordinario<\/span><\/p>\n<p style=\"text-align: center\"><span><\/span><\/p>\n<div style=\"clear: both;text-align: center\"><span><a href=\"https:\/\/blogger.googleusercontent.com\/img\/b\/R29vZ2xl\/AVvXsEiuXNR4rG9CFagY5GHFguS1G-Q50zZpbfabbp8EazpP1JFGC7OAaOwxyg_UXEcDzZlV4B5zVZ-ulGHfIzTGnOjinbskH3qRvnEMdfIFREaqQcHhs_pcbQa2RzuN5wWzxG8MCTC3sd1OZuGYRwo2efnOQ5MYd-Qvulc5sjW-fiiSTC_2fE_SpDdfQA\/s1280\/photo_5884383896404085176_y.jpg\" style=\"margin-left: 1em;margin-right: 1em\"><img loading=\"lazy\" decoding=\"async\" border=\"0\" data-original-height=\"720\" data-original-width=\"1280\" height=\"357\" src=\"https:\/\/blogger.googleusercontent.com\/img\/b\/R29vZ2xl\/AVvXsEiuXNR4rG9CFagY5GHFguS1G-Q50zZpbfabbp8EazpP1JFGC7OAaOwxyg_UXEcDzZlV4B5zVZ-ulGHfIzTGnOjinbskH3qRvnEMdfIFREaqQcHhs_pcbQa2RzuN5wWzxG8MCTC3sd1OZuGYRwo2efnOQ5MYd-Qvulc5sjW-fiiSTC_2fE_SpDdfQA\/w634-h357\/photo_5884383896404085176_y.jpg\" width=\"634\" \/><\/a><\/span><\/div>\n<p><span><br \/><\/span><\/p>\n<p style=\"text-align: justify\"><span>&nbsp;&nbsp;&nbsp; <\/span>Onte celebrouse un pleno extraordinario, que, mirado dende certo punto de vista, tam\u00e9n foi un extraordinario pleno para reflexionar sobre o xeito de facer pol\u00edtica na actualidade e en particular dende o concello de Ribadeo.<\/p>\n<p style=\"text-align: justify\"><span>&nbsp;&nbsp;&nbsp; <\/span>Vaia por diante que o audio, tomado dende a zona de p\u00fablico do Sal\u00f3n dos Alcaldes, ten un corte de medio minuto a partir do 44:22 por mor dunha confidencia que me fixeron no momento, quedou gravada e estimo non est\u00e1 contrastada a\u00ednda, polo que lle poder\u00eda traer problemas a quen ma fixo.<\/p>\n<p style=\"text-align: justify\"><span>&nbsp;&nbsp;&nbsp; <\/span>Estabamos de p\u00fablico un grupi\u00f1o de xente en contra de que se instale o novo <a href=\"https:\/\/www.ribadeando.com\/search?q=centro+de+sa%C3%BAde&amp;max-results=20&amp;by-date=false\" rel=\"nofollow\" target=\"_blank\">centro de sa\u00fade<\/a> \u00e1s af\u00f3ras de Ribadeo (\u00f3 final, un do grupo d\u00edxolle a unha concelleira que ter\u00edan que po\u00f1er li\u00f1a de autobuses \u00f3 centro de sa\u00fade), grupo que entre outras cousas fixo xa hai m\u00e1is dun ano unha <a href=\"https:\/\/www.ribadeando.com\/search?q=centro+de+sa%C3%BAde+enquisa\" rel=\"nofollow\" target=\"_blank\">enquisa<\/a> na que resultou claro a improcedencia do lugar, e xa comezado o pleno entrou outra persoa m\u00e1is. Por parte dos concelleiros, estaba ausente Pablo Vizoso.<\/p>\n<p style=\"text-align: justify\"><span>&nbsp;&nbsp;&nbsp; <\/span>O que poda comentar aqu\u00ed p\u00f3dese escoitar de primeira man no audio, mais a\u00ednda as\u00ed deixo un par de notas como orientaci\u00f3n.<\/p>\n<p style=\"text-align: justify\"><span>&nbsp;&nbsp;&nbsp; <\/span>A primeira, algo que xa notei en audios anteriores referidos a alg\u00fan pleno, sobre as respostas do alcalde: se lle falan de algo que se est\u00e1 a facer mal agora e corrixible, ou ben considera opini\u00f3ns o que son feitos ou ben (ou&nbsp; tam\u00e9n) ponse a falar de cousas que segundo el sucederon en mandatos anteriores e s\u00f3 adica un pouco de tempo \u00e1 contestaci\u00f3n propiamente dita, \u00e1s veces mesmo con argumentaci\u00f3ns que testemu\u00f1ano contrario do que est\u00e1 a dicir, como no caso da compra dun cami\u00f3n o ano pasado, antes da aprobaci\u00f3n dos orzamentos, nos que non entrou, e a pagar este ano cunha modificaci\u00f3n orzamentaria. Na contestaci\u00f3n tam\u00e9n \u00e9 normal que remate afeando \u00f3 seu interlocutor a s\u00faa disposici\u00f3n, o seu deso\u00f1ecemento, ou outras cousas, ve\u00f1a ou non a conto (esto \u00faltimo, o m\u00e1is probable)<\/p>\n<p style=\"text-align: justify\"><span>&nbsp;&nbsp;&nbsp; <\/span>Por outra banda, e en relaci\u00f3n \u00f3 centro de sa\u00fade, motivo polo que estabamos al\u00ed, a aprobaci\u00f3n un\u00e1nime da tramitaci\u00f3n da expropiaci\u00f3n, a\u00ednda con discusi\u00f3n sobre a falta de m\u00e9dicos en Ribadeo. Nin goberno nin oposici\u00f3n se fixeron eco das preocupaci\u00f3ns documentadas que se te\u00f1en manifestado. Tampouco sa\u00edu -non era o tempo- que &#8216;de sa\u00edda&#8217; o novo centro de sa\u00fade non est\u00e1 previsto que te\u00f1a Raios X, co que se perde xa un servizo dos que vi\u00f1a prestando.<\/p>\n<p style=\"text-align: justify\"><span>&nbsp;&nbsp;&nbsp; <\/span>Unha \u00faltima cousa: a excepci\u00f3n dun erro, a convocatoria parece que foi un segredo (a\u00ednda que houbera unha nova na prensa que alertou sobre o tratamento do centro de sa\u00fade), pois non a vin aparecer nin nas notas do concello nin na sede electr\u00f3nica, nin chegou de ning\u00fan outro xeito. Unha costume que ser\u00eda cousa de erradicar, o de non saber \u00f3 detalle os puntos que se van tratar&#8230;<\/p>\n<div>Escrito por Agremon en Ribadeando, https:\/\/ribadeando.com, o blog de Ribadeo<\/div>\n","protected":false},"excerpt":{"rendered":"<p>Pleno en Ribadeo 20250218, extraordinario &nbsp;&nbsp;&nbsp; Onte celebrouse un pleno extraordinario, que, mirado dende certo punto de vista, tam\u00e9n foi un extraordinario pleno para reflexionar sobre o xeito de facer pol\u00edtica na actualidade e en particular dende o concello de Ribadeo. &nbsp;&nbsp;&nbsp; Vaia por diante que o audio, tomado dende a zona de p\u00fablico do [&hellip;]<\/p>\n","protected":false},"author":3,"featured_media":0,"comment_status":"open","ping_status":"open","sticky":false,"template":"","format":"standard","meta":{"activitypub_content_warning":"","activitypub_content_visibility":"","activitypub_max_image_attachments":3,"activitypub_interaction_policy_quote":"anyone","activitypub_status":"federated","footnotes":""},"categories":[172,170],"tags":[],"class_list":["post-13687","post","type-post","status-publish","format-standard","hentry","category-plenos","category-sanidade"],"_links":{"self":[{"href":"https:\/\/blogs.amarinha.gal\/ribadeando\/wp-json\/wp\/v2\/posts\/13687","targetHints":{"allow":["GET"]}}],"collection":[{"href":"https:\/\/blogs.amarinha.gal\/ribadeando\/wp-json\/wp\/v2\/posts"}],"about":[{"href":"https:\/\/blogs.amarinha.gal\/ribadeando\/wp-json\/wp\/v2\/types\/post"}],"author":[{"embeddable":true,"href":"https:\/\/blogs.amarinha.gal\/ribadeando\/wp-json\/wp\/v2\/users\/3"}],"replies":[{"embeddable":true,"href":"https:\/\/blogs.amarinha.gal\/ribadeando\/wp-json\/wp\/v2\/comments?post=13687"}],"version-history":[{"count":0,"href":"https:\/\/blogs.amarinha.gal\/ribadeando\/wp-json\/wp\/v2\/posts\/13687\/revisions"}],"wp:attachment":[{"href":"https:\/\/blogs.amarinha.gal\/ribadeando\/wp-json\/wp\/v2\/media?parent=13687"}],"wp:term":[{"taxonomy":"category","embeddable":true,"href":"https:\/\/blogs.amarinha.gal\/ribadeando\/wp-json\/wp\/v2\/categories?post=13687"},{"taxonomy":"post_tag","embeddable":true,"href":"https:\/\/blogs.amarinha.gal\/ribadeando\/wp-json\/wp\/v2\/tags?post=13687"}],"curies":[{"name":"wp","href":"https:\/\/api.w.org\/{rel}","templated":true}]}}