{"id":13579,"date":"2024-11-16T22:13:00","date_gmt":"2024-11-16T21:13:00","guid":{"rendered":""},"modified":"2024-11-20T10:16:10","modified_gmt":"2024-11-20T09:16:10","slug":"unha-transicion-responsable-para-illa","status":"publish","type":"post","link":"https:\/\/blogs.amarinha.gal\/ribadeando\/2024\/11\/16\/unha-transicion-responsable-para-illa\/","title":{"rendered":"Unha transici\u00f3n responsable para a illa Pancha. A VV Por Nuestro Faro"},"content":{"rendered":"<p><a href=\"https:\/\/blogs.amarinha.gal\/ribadeando\/wp-content\/uploads\/sites\/4\/2024\/11\/Pancha.png\" imageanchor=\"1\" style=\"margin-left: 1em; margin-right: 1em;\"><img loading=\"lazy\" decoding=\"async\" height=\"178\" src=\"https:\/\/blogs.amarinha.gal\/ribadeando\/wp-content\/uploads\/sites\/4\/2024\/11\/Pancha.png\" class=\"wp-image-13580\" width=\"640\" \/><\/a><\/p>\n<p>&nbsp;<em>Unha transici\u00f3n responsable para a <a href=\"https:\/\/blogs.amarinha.gal\/ribadeando\/search\/label\/Illa%20Pancha\" rel=\"nofollow\" target=\"_blank\">illa Pancha<\/a><\/em><\/p>\n<p><em><\/p>\n<p><span>&nbsp;&nbsp;&nbsp; <\/span>Temos entrado xa no d\u00e9cimo e \u00faltimo ano de validez da concesi\u00f3n que permitiu a explotaci\u00f3n privada da illa Pancha para montar un negocio hostaleiro. Dende esta perspectiva, e para asegurar unha transici\u00f3n dentro da legalidade, a asociaci\u00f3n Por Nuestro Faro xa enviou correos a Puertos del Estado, Autoridade Portuaria de Ferrol San Cibrao e \u00f3 Concello de Ribadeo.<\/em><\/p>\n<p><em><br \/>\n<span>&nbsp;&nbsp;&nbsp; <\/span>O pasado mes de xu\u00f1o, o Defensor del Pueblo comunicaba \u00e1 asociaci\u00f3n: \u00abla Consejer\u00eda de Medio Ambiente, Territorio y Vivienda ha remitido un informe en el que manifiesta aceptar la Recomendaci\u00f3n formulada, referida al cumplimiento del apartado cuarto del art\u00edculo 46 de la Ley 42\/2007, del Patrimonio Natural y de la Biodiversidad.\u00bb. En consecuencia, daba por rematado o intercambio de correos con n\u00f3s, \u00abello en la confianza en que la consejer\u00eda adoptar\u00e1 las medidas precisas para el cumplimiento de la Resoluci\u00f3n en las pr\u00f3ximas certificaciones que emita sobre los posibles efectos de un proyecto sobre los espacios de la Red Natura 2000 de Galicia.\u00bb<\/em><\/p>\n<p><em><br \/>\n <span>&nbsp; &nbsp; Lembremos<\/span>&nbsp;que a d\u00eda de hoxe os proxectos de apartamentos tur\u00edsticos e cafeter\u00eda instalados na illa Pancha non te\u00f1en estudo de impacto ambiental, e polo tanto est\u00e1n funcionando de xeito totalmente irregular.<\/em><\/p>\n<p><em><br \/>\n<span>&nbsp;&nbsp; &nbsp;<\/span>En consecuencia, temos pedido a Puertos e Concello que a asociaci\u00f3n Por Nuestro Faro sexa informada \u00abdas medidas adoptadas de cara a realizar o preceptivo Estudo de Impacto Ambiental, ou, no seu caso, as que te\u00f1an proxectado realizar no lo sucesivo\u00bb. De igual modo, e tendo en conta de que existe a posibilidade de que a concesi\u00f3n outorgada sobre a illa Pancha sexa prorrogada outros cinco anos, pedimos a estas instituci\u00f3ns que, en caso de ser solicitada, \u00abse abra un novo per\u00edodo de exposici\u00f3n p\u00fablica \u00f3 que podan ter acceso todos os veci\u00f1os de Ribadeo e persoas interesadas, coa debida publicidade [&#8230;]\u00bb.  Non hai que esquecer o obscurantismo informativo que levou \u00e1 sinatura da concesi\u00f3n actualmente en vigor, as\u00ed como \u00e1 aprobaci\u00f3n das licenzas de actividade e apertura dos negocios que al\u00ed funcionan.<\/em><\/p>\n<p><em><br \/>\n<span>&nbsp;&nbsp; &nbsp;<\/span>Por otra beira pedimos \u00abque se admita a nosa Asociaci\u00f3n POR NUESTRO FARO como parte interesada no expediente, polos antecedentes que figuran nos seus arquivos e por representar a parte da opini\u00f3n p\u00fablica\u00bb. E, por \u00faltimo, \u00abque se nos informe coa debida antelaci\u00f3n de todos os tr\u00e1mites e actos administrativos que se produzan neste expediente no lo sucesivo\u00bb.<\/em><\/p>\n<p><em><br \/>\n<span>&nbsp;&nbsp; &nbsp;<\/span>Asemade, t\u00e9moslle lembrado \u00f3 alcalde de Ribadeo que a nosa queixa presentada no Concello o 29 de xullo segue a d\u00eda de hoxe sen resposta. \u00d3 mesmo tempo que reiteramos a esixencia legal do estudo de impacto ambiental antes de levar a cabo calquera actividade, xesti\u00f3n, ou tr\u00e1mite no terreo concesionado, ped\u00edmoslle transparencia e informaci\u00f3n sobre calquera iniciativa ou proxecto en relaci\u00f3n coa illa Pancha do que te\u00f1a co\u00f1ecemento.<\/em><\/p>\n<p><em><br \/>\n<span>&nbsp;&nbsp; &nbsp;<\/span>Por Nuestro Faro parte da creencia de que Ribadeo ten dereito a participar dun xeito ou outro no destino dun ben com\u00fan tan emblem\u00e1tico como o \u00e9 o faro e o seu su entorno. E para que as\u00ed sexa, os ribadenses deben ser informados do estado da illa Pancha e das iniciativas que se podan levar a cabo. Por outra beira, calquera proxecto que se plantexe na illa Pancha debe cumprir as leis galegas, nacionas e internacionas, e contar cos informes preceptivos.<\/em><\/p>\n<p><em><br \/>\n\t<span>&nbsp;&nbsp; &nbsp;<\/span>En consecuencia, esiximos \u00e1s instituci\u00f3nes implicadas, unha vixiancia e supervisi\u00f3n da legalidade e da integridade dese espazo protexido, neste per\u00edodo de transici\u00f3n que pode ser decisivo no futuro da nosa illa.<br \/>\n<\/em><\/p>\n<p><em><br \/>\nA VV Por Nuestro Faro<\/em><\/p>\n","protected":false},"excerpt":{"rendered":"<p>&nbsp;Unha transici\u00f3n responsable para a illa Pancha &nbsp;&nbsp;&nbsp; Temos entrado xa no d\u00e9cimo e \u00faltimo ano de validez da concesi\u00f3n que permitiu a explotaci\u00f3n privada da illa Pancha para montar un negocio hostaleiro. Dende esta perspectiva, e para asegurar unha transici\u00f3n dentro da legalidade, a asociaci\u00f3n Por Nuestro Faro xa enviou correos a Puertos del [&hellip;]<\/p>\n","protected":false},"author":3,"featured_media":13580,"comment_status":"open","ping_status":"closed","sticky":false,"template":"","format":"standard","meta":{"activitypub_content_warning":"","activitypub_content_visibility":"","activitypub_max_image_attachments":3,"activitypub_interaction_policy_quote":"anyone","activitypub_status":"federated","footnotes":""},"categories":[1],"tags":[37,26],"class_list":["post-13579","post","type-post","status-publish","format-standard","has-post-thumbnail","hentry","category-sen-categoria","tag-illa-pancha","tag-medio"],"_links":{"self":[{"href":"https:\/\/blogs.amarinha.gal\/ribadeando\/wp-json\/wp\/v2\/posts\/13579","targetHints":{"allow":["GET"]}}],"collection":[{"href":"https:\/\/blogs.amarinha.gal\/ribadeando\/wp-json\/wp\/v2\/posts"}],"about":[{"href":"https:\/\/blogs.amarinha.gal\/ribadeando\/wp-json\/wp\/v2\/types\/post"}],"author":[{"embeddable":true,"href":"https:\/\/blogs.amarinha.gal\/ribadeando\/wp-json\/wp\/v2\/users\/3"}],"replies":[{"embeddable":true,"href":"https:\/\/blogs.amarinha.gal\/ribadeando\/wp-json\/wp\/v2\/comments?post=13579"}],"version-history":[{"count":0,"href":"https:\/\/blogs.amarinha.gal\/ribadeando\/wp-json\/wp\/v2\/posts\/13579\/revisions"}],"wp:featuredmedia":[{"embeddable":true,"href":"https:\/\/blogs.amarinha.gal\/ribadeando\/wp-json\/wp\/v2\/media\/13580"}],"wp:attachment":[{"href":"https:\/\/blogs.amarinha.gal\/ribadeando\/wp-json\/wp\/v2\/media?parent=13579"}],"wp:term":[{"taxonomy":"category","embeddable":true,"href":"https:\/\/blogs.amarinha.gal\/ribadeando\/wp-json\/wp\/v2\/categories?post=13579"},{"taxonomy":"post_tag","embeddable":true,"href":"https:\/\/blogs.amarinha.gal\/ribadeando\/wp-json\/wp\/v2\/tags?post=13579"}],"curies":[{"name":"wp","href":"https:\/\/api.w.org\/{rel}","templated":true}]}}