{"id":1325,"date":"2023-10-28T09:35:00","date_gmt":"2023-10-28T07:35:00","guid":{"rendered":""},"modified":"2024-10-23T13:34:57","modified_gmt":"2024-10-23T11:34:57","slug":"creatividade-valente-xose-carlos","status":"publish","type":"post","link":"https:\/\/blogs.amarinha.gal\/ribadeando\/2023\/10\/28\/creatividade-valente-xose-carlos\/","title":{"rendered":"CREATIVIDADE VALENTE. Xos\u00e9 Carlos Rodr\u00edguez Ra\u00f1\u00f3n"},"content":{"rendered":"<p><em>\u201cCREATIVIDADE VALENTE\u201d<\/em><\/p>\n<p><em><br \/>\n<a href=\"https:\/\/blogs.amarinha.gal\/ribadeando\/search\/label\/Xos%C3%A9%20Carlos%20Rodr%C3%ADguez%20Ra%C3%B1%C3%B3n\" rel=\"nofollow noopener\" target=\"_blank\">Xos\u00e9 Carlos Rodr\u00edguez Ra\u00f1\u00f3n<\/a><\/em><\/p>\n<p><em><\/p>\n<p>\t<span>&nbsp;&nbsp; &nbsp;<\/span>As\u00ed se definiu o estilo singular do dese\u00f1ador da Ca\u00f1iza <a href=\"https:\/\/gl.wikipedia.org\/wiki\/Xos%C3%A9_Castro_(dese%C3%B1ador)\" rel=\"nofollow noopener\" target=\"_blank\">Jos\u00e9 Castro<\/a>, finado recentemente dun cancro de pulm\u00f3n aos 52 anos. Os seus dese\u00f1os captivaron a Paz Vega ou a Sarah Jessica Parker e, segundo os que o co\u00f1eceron, era un creador incansable cun senso do humor do m\u00e1is peculiar.<\/em><\/p>\n<p><em><br \/>\n\t<span>&nbsp;&nbsp; &nbsp;<\/span>Estudou en Londres, onde se adicou \u00e1 alta costura colaborando con Alexander McQueen para a casa francesa Givenchy, foi o terceiro membro espa\u00f1ol da F\u00e9d\u00e9ration Fran\u00e7aise de la Co\u00fbture (despois de Balenciaga e Paco Rabanne) e traballou para a marca Desigual. Tam\u00e9n pertenc\u00eda \u00e1 Asociaci\u00f3n Espa\u00f1ola do Curtido. De feito, uns dos seus vestidos m\u00e1is ic\u00f3nicos son os dos estampados con plumas de gali\u00f1a (co permiso dos animalistas ao estilo Catherine Deneuve).<\/em><\/p>\n<p><em><br \/>\n<span>&nbsp;&nbsp; &nbsp;<\/span>Comezou profesionalmente en Vigo para se trasladar logo a Barcelona. Ultimamente, regresara \u00e1 s\u00faa casa familiar na que acondicionou un obradoiro de costura. Al\u00ed entrou en contacto de novo coa lingua galega e coa coci\u00f1a, outra das s\u00faas grandes paix\u00f3ns. Hab\u00eda pouco que obtivera o carn\u00e9 de conducir (unha das s\u00faas \u00faltimas teimas) e estaba a traballar no dese\u00f1o dun banco-vieira para a Xunta de Galicia, obra p\u00f3stuma.<\/em><\/p>\n<p><em><\/p>\n<table align=\"center\" cellpadding=\"0\" cellspacing=\"0\" class=\"tr-caption-container\" style=\"margin-left: auto; margin-right: auto;\">\n<tbody>\n<tr>\n<td style=\"text-align: center;\"><a href=\"https:\/\/blogs.amarinha.gal\/ribadeando\/wp-content\/uploads\/sites\/4\/2023\/10\/JC.jpg\" imageanchor=\"1\" style=\"margin-left: auto; margin-right: auto;\"><img loading=\"lazy\" decoding=\"async\" height=\"445\" src=\"https:\/\/blogs.amarinha.gal\/ribadeando\/wp-content\/uploads\/sites\/4\/2023\/10\/JC.jpg\" class=\"wp-image-1326\" width=\"640\" \/><\/a><\/td>\n<\/tr>\n<tr>\n<td class=\"tr-caption\" style=\"text-align: center;\"><span style=\"font-size: x-small;\">Captura de pantalla de http:\/\/www.castroestudio.com\/about.html<\/span>\n<\/td>\n<\/tr>\n<\/tbody>\n<\/table>\n<p>&nbsp;<\/em><\/p>\n","protected":false},"excerpt":{"rendered":"<p>\u201cCREATIVIDADE VALENTE\u201d Xos\u00e9 Carlos Rodr\u00edguez Ra\u00f1\u00f3n &nbsp;&nbsp; &nbsp;As\u00ed se definiu o estilo singular do dese\u00f1ador da Ca\u00f1iza Jos\u00e9 Castro, finado recentemente dun cancro de pulm\u00f3n aos 52 anos. Os seus dese\u00f1os captivaron a Paz Vega ou a Sarah Jessica Parker e, segundo os que o co\u00f1eceron, era un creador incansable cun senso do humor do [&hellip;]<\/p>\n","protected":false},"author":3,"featured_media":1326,"comment_status":"open","ping_status":"closed","sticky":false,"template":"","format":"standard","meta":{"activitypub_content_warning":"","activitypub_content_visibility":"","activitypub_max_image_attachments":3,"activitypub_interaction_policy_quote":"anyone","activitypub_status":"","footnotes":""},"categories":[1],"tags":[10,31],"class_list":["post-1325","post","type-post","status-publish","format-standard","has-post-thumbnail","hentry","category-sen-categoria","tag-cultura","tag-xose-carlos-rodriguez-ranon"],"_links":{"self":[{"href":"https:\/\/blogs.amarinha.gal\/ribadeando\/wp-json\/wp\/v2\/posts\/1325","targetHints":{"allow":["GET"]}}],"collection":[{"href":"https:\/\/blogs.amarinha.gal\/ribadeando\/wp-json\/wp\/v2\/posts"}],"about":[{"href":"https:\/\/blogs.amarinha.gal\/ribadeando\/wp-json\/wp\/v2\/types\/post"}],"author":[{"embeddable":true,"href":"https:\/\/blogs.amarinha.gal\/ribadeando\/wp-json\/wp\/v2\/users\/3"}],"replies":[{"embeddable":true,"href":"https:\/\/blogs.amarinha.gal\/ribadeando\/wp-json\/wp\/v2\/comments?post=1325"}],"version-history":[{"count":0,"href":"https:\/\/blogs.amarinha.gal\/ribadeando\/wp-json\/wp\/v2\/posts\/1325\/revisions"}],"wp:featuredmedia":[{"embeddable":true,"href":"https:\/\/blogs.amarinha.gal\/ribadeando\/wp-json\/wp\/v2\/media\/1326"}],"wp:attachment":[{"href":"https:\/\/blogs.amarinha.gal\/ribadeando\/wp-json\/wp\/v2\/media?parent=1325"}],"wp:term":[{"taxonomy":"category","embeddable":true,"href":"https:\/\/blogs.amarinha.gal\/ribadeando\/wp-json\/wp\/v2\/categories?post=1325"},{"taxonomy":"post_tag","embeddable":true,"href":"https:\/\/blogs.amarinha.gal\/ribadeando\/wp-json\/wp\/v2\/tags?post=1325"}],"curies":[{"name":"wp","href":"https:\/\/api.w.org\/{rel}","templated":true}]}}