{"id":1294,"date":"2023-11-04T08:56:00","date_gmt":"2023-11-04T07:56:00","guid":{"rendered":""},"modified":"2024-10-23T13:34:13","modified_gmt":"2024-10-23T11:34:13","slug":"medio-seculo-fuxindo-os-ventos-xose","status":"publish","type":"post","link":"https:\/\/blogs.amarinha.gal\/ribadeando\/2023\/11\/04\/medio-seculo-fuxindo-os-ventos-xose\/","title":{"rendered":"MEDIO S\u00c9CULO FUXINDO OS VENTOS. Xos\u00e9 Carlos Rodr\u00edguez Ra\u00f1\u00f3n"},"content":{"rendered":"<p><em><\/em><\/p>\n<table align=\"center\" cellpadding=\"0\" cellspacing=\"0\" class=\"tr-caption-container\" style=\"margin-left: auto; margin-right: auto;\">\n<tbody>\n<tr>\n<td style=\"text-align: center;\"><a href=\"https:\/\/blogs.amarinha.gal\/ribadeando\/wp-content\/uploads\/sites\/4\/2023\/11\/Baldomero_Iglesias_Dobarrio_AELG-2.jpg\" style=\"margin-left: auto; margin-right: auto;\"><img loading=\"lazy\" decoding=\"async\" height=\"512\" src=\"https:\/\/blogs.amarinha.gal\/ribadeando\/wp-content\/uploads\/sites\/4\/2023\/11\/Baldomero_Iglesias_Dobarrio_AELG-2.jpg\" class=\"wp-image-1295\" width=\"640\" \/><\/a><\/td>\n<\/tr>\n<tr>\n<td class=\"tr-caption\" style=\"text-align: center;\"><span style=\"font-size: x-small;\">Mero, en foto da <a href=\"https:\/\/gl.wikipedia.org\/wiki\/Ficheiro:Baldomero_Iglesias_Dobarrio_(AELG)-2.jpg\" rel=\"nofollow noopener\" target=\"_blank\">Galipedia<\/a> por <a href=\"http:\/\/santos-diez.com\/\" rel=\"nofollow noopener\" target=\"_blank\">Santos D\u00edez<\/a>. Lic. <a href=\"https:\/\/creativecommons.org\/licenses\/by-sa\/3.0\/deed.gl\" rel=\"nofollow noopener\" target=\"_blank\">CC BY SA 3.0<\/a>.<\/span>\n<\/td>\n<\/tr>\n<\/tbody>\n<\/table>\n<p><em>&nbsp;<\/em><\/p>\n<p><em>MEDIO S\u00c9CULO FUXINDO OS VENTOS<\/em><\/p>\n<p><em><br \/>\n<a href=\"https:\/\/blogs.amarinha.gal\/ribadeando\/search\/label\/Xos%C3%A9%20Carlos%20Rodr%C3%ADguez%20Ra%C3%B1%C3%B3n\" rel=\"nofollow noopener\" target=\"_blank\">Xos\u00e9 Carlos Rodr\u00edguez Ra\u00f1\u00f3n<\/a><\/em><\/p>\n<p><em><\/p>\n<p>\t<span>&nbsp;&nbsp; &nbsp;<\/span>Un pol\u00e9mico libro (escrito por <a href=\"https:\/\/gl.wikipedia.org\/wiki\/Mero\" rel=\"nofollow noopener\" target=\"_blank\">Mero Iglesias<\/a>, un dos fundadores do m\u00edtico grupo de folk galego) lembra os cincuenta anos da s\u00faa traxectoria sobre os escenarios. O seu longo t\u00edtulo \u00e9 \u201c<a href=\"https:\/\/editorialgalaxia.gal\/produto\/50-aniversario-fuxan-os-ventos-quixo-o-paxaro-pousar-na-pola-o-seu-chio\/\" rel=\"nofollow noopener\" target=\"_blank\">50 aniversario de Fuxan os Ventos. Quixo o paxaro pousar na p\u00f3la o seu ch\u00edo<\/a>\u201d (Galaxia).<\/em><\/p>\n<p><em><br \/>\n\t<span>&nbsp;&nbsp; &nbsp;<\/span>A banda loitou por cantar en galego nos anos 70 do pasado s\u00e9culo facendo cr\u00edtica social, rescatando as cantigas de orixe popular como Sementeira ou musicando a poetas como no caso de O carro do chairego Manuel Mar\u00eda. Naceron canda a Nova Canci\u00f3n vasca e catal\u00e1, que revolucionaron a m\u00fasica socio-folcl\u00f3rica nos \u00faltimos anos da ditadura, xunto con outros cantautores galegos ou estranxeiros como Juan Pardo, Andr\u00e9s Dobarro, Amancio Prada, Zeca Afonso, Violeta Parra ou V\u00edctor Jara.<\/em><\/p>\n<p><em><br \/>\n\t<span>&nbsp;&nbsp; &nbsp;<\/span>As s\u00faas orixes est\u00e1n na Casa Dioces\u00e1n de Lugo na que o crego Xes\u00fas Mato ensaiaba un coro de rapaces. En 1971 compuxo para eles a peza \u201cFuxan os ventos\u201d que interpretaron nun concurso durante as feiras das San Lucas en Mondo\u00f1edo, podendo gravar un disco como premio. Ao comezo rexeitaron os temas comerciais pero, co paso do tempo, foron aceptando as regras do mercado musical o que provocou disidencias no grupo xa en 1974 en Monterroso e outra en 1983 na que o autor do libro decidiu abandonar o conxunto e fundar A Quenlla, a\u00ednda en activo.<\/em><\/p>\n","protected":false},"excerpt":{"rendered":"<p>Mero, en foto da Galipedia por Santos D\u00edez. Lic. CC BY SA 3.0. &nbsp; MEDIO S\u00c9CULO FUXINDO OS VENTOS Xos\u00e9 Carlos Rodr\u00edguez Ra\u00f1\u00f3n &nbsp;&nbsp; &nbsp;Un pol\u00e9mico libro (escrito por Mero Iglesias, un dos fundadores do m\u00edtico grupo de folk galego) lembra os cincuenta anos da s\u00faa traxectoria sobre os escenarios. O seu longo t\u00edtulo \u00e9 [&hellip;]<\/p>\n","protected":false},"author":3,"featured_media":1295,"comment_status":"open","ping_status":"closed","sticky":false,"template":"","format":"standard","meta":{"activitypub_content_warning":"","activitypub_content_visibility":"","activitypub_max_image_attachments":3,"activitypub_interaction_policy_quote":"anyone","activitypub_status":"","footnotes":""},"categories":[1],"tags":[31],"class_list":["post-1294","post","type-post","status-publish","format-standard","has-post-thumbnail","hentry","category-sen-categoria","tag-xose-carlos-rodriguez-ranon"],"_links":{"self":[{"href":"https:\/\/blogs.amarinha.gal\/ribadeando\/wp-json\/wp\/v2\/posts\/1294","targetHints":{"allow":["GET"]}}],"collection":[{"href":"https:\/\/blogs.amarinha.gal\/ribadeando\/wp-json\/wp\/v2\/posts"}],"about":[{"href":"https:\/\/blogs.amarinha.gal\/ribadeando\/wp-json\/wp\/v2\/types\/post"}],"author":[{"embeddable":true,"href":"https:\/\/blogs.amarinha.gal\/ribadeando\/wp-json\/wp\/v2\/users\/3"}],"replies":[{"embeddable":true,"href":"https:\/\/blogs.amarinha.gal\/ribadeando\/wp-json\/wp\/v2\/comments?post=1294"}],"version-history":[{"count":0,"href":"https:\/\/blogs.amarinha.gal\/ribadeando\/wp-json\/wp\/v2\/posts\/1294\/revisions"}],"wp:featuredmedia":[{"embeddable":true,"href":"https:\/\/blogs.amarinha.gal\/ribadeando\/wp-json\/wp\/v2\/media\/1295"}],"wp:attachment":[{"href":"https:\/\/blogs.amarinha.gal\/ribadeando\/wp-json\/wp\/v2\/media?parent=1294"}],"wp:term":[{"taxonomy":"category","embeddable":true,"href":"https:\/\/blogs.amarinha.gal\/ribadeando\/wp-json\/wp\/v2\/categories?post=1294"},{"taxonomy":"post_tag","embeddable":true,"href":"https:\/\/blogs.amarinha.gal\/ribadeando\/wp-json\/wp\/v2\/tags?post=1294"}],"curies":[{"name":"wp","href":"https:\/\/api.w.org\/{rel}","templated":true}]}}