{"id":1240,"date":"2023-11-18T08:00:00","date_gmt":"2023-11-18T07:00:00","guid":{"rendered":""},"modified":"2024-10-23T13:19:14","modified_gmt":"2024-10-23T11:19:14","slug":"o-home-camara-xose-carlos-rodriguez","status":"publish","type":"post","link":"https:\/\/blogs.amarinha.gal\/ribadeando\/2023\/11\/18\/o-home-camara-xose-carlos-rodriguez\/","title":{"rendered":"O HOME C\u00c1MARA. Xos\u00e9 Carlos Rodr\u00edguez Ra\u00f1\u00f3n"},"content":{"rendered":"<p>&nbsp;<\/p>\n<table align=\"center\" cellpadding=\"0\" cellspacing=\"0\" class=\"tr-caption-container\" style=\"margin-left: auto; margin-right: auto;\">\n<tbody>\n<tr>\n<td style=\"text-align: center;\"><a href=\"https:\/\/blogs.amarinha.gal\/ribadeando\/wp-content\/uploads\/sites\/4\/2023\/11\/Premios_Goya_2018_-_Carlos_Saura.jpg\" imageanchor=\"1\" style=\"margin-left: auto; margin-right: auto;\"><img loading=\"lazy\" decoding=\"async\" height=\"640\" src=\"https:\/\/blogs.amarinha.gal\/ribadeando\/wp-content\/uploads\/sites\/4\/2023\/11\/Premios_Goya_2018_-_Carlos_Saura.jpg\" class=\"wp-image-1241\" width=\"426\" \/><\/a><\/td>\n<\/tr>\n<tr>\n<td class=\"tr-caption\" style=\"text-align: center;\"><span style=\"font-size: x-small;\">Carlos Saura. Collida de <a href=\"https:\/\/commons.wikimedia.org\/wiki\/Portada_galega\" rel=\"nofollow noopener\" target=\"_blank\">Wikimedia Commons<\/a>, subida por <a href=\"https:\/\/commons.wikimedia.org\/wiki\/User:Kadellar\" rel=\"nofollow noopener\" target=\"_blank\">Carlos Delgado<\/a>, <a href=\"https:\/\/creativecommons.org\/licenses\/by-sa\/4.0\/deed.gl\" rel=\"nofollow noopener\" target=\"_blank\">Lic. CC BY SA 4.0<\/a><\/span>\n<\/td>\n<\/tr>\n<\/tbody>\n<\/table>\n<p><em>O HOME C\u00c1MARA<\/em><\/p>\n<p><em><br \/>\n<a href=\"https:\/\/blogs.amarinha.gal\/ribadeando\/search\/label\/Xos%C3%A9%20Carlos%20Rodr%C3%ADguez%20Ra%C3%B1%C3%B3n\" rel=\"nofollow noopener\" target=\"_blank\">Xos\u00e9 Carlos Rodr\u00edguez Ra\u00f1\u00f3n<\/a><\/em><\/p>\n<p><em><\/p>\n<p>\t<span>&nbsp;&nbsp; &nbsp;<\/span>Dic\u00eda en vida que a s\u00faa teima coas imaxes a herdara do seu pai, quen lle ensinou a elaborar libros-collage con recortes de fotograf\u00edas, paix\u00f3n que tam\u00e9n ti\u00f1a o seu irm\u00e1n, o pintor <a href=\"https:\/\/gl.wikipedia.org\/wiki\/Antonio_Saura\" rel=\"nofollow noopener\" target=\"_blank\">Antonio Saura<\/a>. A nai era pianista e, grazas a ela, <a href=\"https:\/\/gl.wikipedia.org\/wiki\/Carlos_Saura\" rel=\"nofollow noopener\" target=\"_blank\">Carlos Saura<\/a> afeccionouse a plasmar no seu cinema os fados ou o flamenco. M\u00fasica e fotograf\u00eda tam\u00e9n as mesturou nas s\u00faas orixinais curtametraxes experimentais.<\/em><\/p>\n<p><em><br \/>\n\t<span>&nbsp;&nbsp; &nbsp;<\/span>De neno, Carlos Saura fabricou a s\u00faa propia c\u00e1mara fotogr\u00e1fica, chegando a coleccionar m\u00e1is de mil que atopaba en tendas de antig\u00fcidades e mercados de segunda man. Antes de cineasta foi fot\u00f3grafo de festivais e tam\u00e9n se adicou a colorear a man moitas das instant\u00e1neas que previamente realizaba.<\/em><\/p>\n<p><em><br \/>\n\t<span>&nbsp;&nbsp; &nbsp;<\/span>Por toda esta traxectoria art\u00edstica e profesional Photo Espa\u00f1a adicoulle na Lonxa de Zaragoza unha mostra titulada \u201cCarlos Saura fot\u00f3grafo. Una vida tras la c\u00e1mara\u201d, formada por un cento de fotograf\u00edas da s\u00faa autor\u00eda que supo\u00f1en unha especie de diario creativo, \u00edntimo e persoal dun dos meirandes expo\u00f1entes da s\u00e9tima arte na segunda metade do s\u00e9culo XX espa\u00f1ol e dun dos artistas m\u00e1is interdisciplinares, inclasificables e xenuinos da s\u00faa xeraci\u00f3n.<\/em><\/p>\n","protected":false},"excerpt":{"rendered":"<p>&nbsp; Carlos Saura. Collida de Wikimedia Commons, subida por Carlos Delgado, Lic. CC BY SA 4.0 O HOME C\u00c1MARA Xos\u00e9 Carlos Rodr\u00edguez Ra\u00f1\u00f3n &nbsp;&nbsp; &nbsp;Dic\u00eda en vida que a s\u00faa teima coas imaxes a herdara do seu pai, quen lle ensinou a elaborar libros-collage con recortes de fotograf\u00edas, paix\u00f3n que tam\u00e9n ti\u00f1a o seu irm\u00e1n, [&hellip;]<\/p>\n","protected":false},"author":3,"featured_media":1241,"comment_status":"open","ping_status":"closed","sticky":false,"template":"","format":"standard","meta":{"activitypub_content_warning":"","activitypub_content_visibility":"","activitypub_max_image_attachments":3,"activitypub_interaction_policy_quote":"anyone","activitypub_status":"","footnotes":""},"categories":[1],"tags":[10,11,31],"class_list":["post-1240","post","type-post","status-publish","format-standard","has-post-thumbnail","hentry","category-sen-categoria","tag-cultura","tag-historia","tag-xose-carlos-rodriguez-ranon"],"_links":{"self":[{"href":"https:\/\/blogs.amarinha.gal\/ribadeando\/wp-json\/wp\/v2\/posts\/1240","targetHints":{"allow":["GET"]}}],"collection":[{"href":"https:\/\/blogs.amarinha.gal\/ribadeando\/wp-json\/wp\/v2\/posts"}],"about":[{"href":"https:\/\/blogs.amarinha.gal\/ribadeando\/wp-json\/wp\/v2\/types\/post"}],"author":[{"embeddable":true,"href":"https:\/\/blogs.amarinha.gal\/ribadeando\/wp-json\/wp\/v2\/users\/3"}],"replies":[{"embeddable":true,"href":"https:\/\/blogs.amarinha.gal\/ribadeando\/wp-json\/wp\/v2\/comments?post=1240"}],"version-history":[{"count":0,"href":"https:\/\/blogs.amarinha.gal\/ribadeando\/wp-json\/wp\/v2\/posts\/1240\/revisions"}],"wp:featuredmedia":[{"embeddable":true,"href":"https:\/\/blogs.amarinha.gal\/ribadeando\/wp-json\/wp\/v2\/media\/1241"}],"wp:attachment":[{"href":"https:\/\/blogs.amarinha.gal\/ribadeando\/wp-json\/wp\/v2\/media?parent=1240"}],"wp:term":[{"taxonomy":"category","embeddable":true,"href":"https:\/\/blogs.amarinha.gal\/ribadeando\/wp-json\/wp\/v2\/categories?post=1240"},{"taxonomy":"post_tag","embeddable":true,"href":"https:\/\/blogs.amarinha.gal\/ribadeando\/wp-json\/wp\/v2\/tags?post=1240"}],"curies":[{"name":"wp","href":"https:\/\/api.w.org\/{rel}","templated":true}]}}