{"id":1165,"date":"2023-12-05T13:35:00","date_gmt":"2023-12-05T12:35:00","guid":{"rendered":""},"modified":"2024-10-23T13:13:48","modified_gmt":"2024-10-23T11:13:48","slug":"do-chio-de-decembro","status":"publish","type":"post","link":"https:\/\/blogs.amarinha.gal\/ribadeando\/2023\/12\/05\/do-chio-de-decembro\/","title":{"rendered":"Do Ch\u00edo de decembro"},"content":{"rendered":"<p><span>&nbsp;&nbsp;&nbsp; <\/span>Remata de chegar a min o <a href=\"https:\/\/lugosempre.com\/wp-content\/uploads\/2023\/12\/Chio-dec-25.pdf\" rel=\"nofollow noopener\" target=\"_blank\">\u00faltimo Ch\u00edo polo momento<\/a>, o n\u00famero da revista dixital do mes de decembro. Dela sorprend\u00e9ronme varias cousas, pero o seu tama\u00f1o, asequible ata o \u00faltimo recuncho en pouco tempo, fai que mellor que comentalas, facilite o <a href=\"https:\/\/lugosempre.com\/wp-content\/uploads\/2023\/12\/Chio-dec-25.pdf\" rel=\"nofollow noopener\" target=\"_blank\">acceso<\/a>.<\/p>\n<p><span>&nbsp;&nbsp;&nbsp; <\/span>Como en n\u00fameros anteriores de <a href=\"https:\/\/blogs.amarinha.gal\/ribadeando\/search?q=Ch%C3%ADo\" rel=\"nofollow noopener\" target=\"_blank\">Ch\u00edo<\/a>, te\u00f1o unha pequena participaci\u00f3n. D\u00e9ixoa aqu\u00ed tal como foi enviada, sen a maquetaci\u00f3n que en Ch\u00edo a fai diferente:<\/p>\n<p align=\"center\">Chiar cara \u00f3 inverno<\/p>\n<p align=\"justify\"><span>&nbsp;&nbsp; &nbsp;<\/span>Nestes momentos, o vento golpea f\u00f3ra da casa. M\u00e9tese a noite cara \u00f3<br \/>\ninverno con moito vento e algo menos de chuvia. O aire ven, e miro<br \/>\nf\u00f3ra e leo por onde o fai mirando os signos das herbas fronte a min.<\/p>\n<p><a href=\"https:\/\/blogs.amarinha.gal\/ribadeando\/wp-content\/uploads\/sites\/4\/2023\/12\/Chiodec1.jpg\" style=\"margin-left: 1em; margin-right: 1em;\"><img loading=\"lazy\" decoding=\"async\" height=\"187\" src=\"https:\/\/blogs.amarinha.gal\/ribadeando\/wp-content\/uploads\/sites\/4\/2023\/12\/Chiodec1.jpg\" class=\"wp-image-1166\" width=\"658\" \/><\/a><\/p>\n<p align=\"justify\">Mentres, o mundo segue. A r\u00eda, cada vez m\u00e1is estreita, prep\u00e1rase<br \/>\npara un novo apertuxarse da auga entre terra e rocha desprazada aqu\u00ed<br \/>\ne al\u00f3 por intereses diversos. \u00c9 curioso. A auga era a que d\u00edas<br \/>\natr\u00e1s, coa marea chea, fac\u00eda que a Veiga se inundara outra vez.<br \/>\nAlgo cada ano \u00e9 m\u00e1is frecuente cun mar que leva subido dez<br \/>\ncent\u00edmetros no que vai de s\u00e9culo.<\/p>\n<p><a href=\"https:\/\/blogs.amarinha.gal\/ribadeando\/wp-content\/uploads\/sites\/4\/2023\/12\/Chiodec2.jpg\" style=\"margin-left: 1em; margin-right: 1em;\"><img loading=\"lazy\" decoding=\"async\" height=\"522\" src=\"https:\/\/blogs.amarinha.gal\/ribadeando\/wp-content\/uploads\/sites\/4\/2023\/12\/Chiodec2.jpg\" class=\"wp-image-1167\" width=\"633\" \/><\/a><\/p>\n<p align=\"justify\">E seguimos. \u00c1 vista xa est\u00e1n alg\u00fans deses desexos de ano novo que<br \/>\ntanto custa manter, que non soen chegar nin a fin de mes, como un dos<br \/>\nmoitos soldos escasos que escorren entre moitas mans neste pa\u00eds. Non<br \/>\nson os \u00fanicos en discontinuarse: como na canci\u00f3n que nos avanza que<br \/>\nunha perna tapa a outra, unha guerra tapa a outra a pesares das boas<br \/>\nintenci\u00f3ns que se manifestan de xeito grandilocuente. O mesmo ca<br \/>\neses acordos que resultan ser m\u00e1is bonitas verbas ca outra cousa<br \/>\nprometendo facer o que sexa para parar o desastre clim\u00e1tico mentres<br \/>\nse seguen a subvencionar as actividades que levan \u00f3 desastre.<\/p>\n<p align=\"justify\">Pero imos acheg\u00e1ndonos \u00f3 Nadal. Estar\u00e1n acendidas as luces en<br \/>\nVigo, esas que iluminan o universo eclipsando a vista das estrelas,<br \/>\nou do este mes m\u00e1is luminoso X\u00fapiter. Eclipsaranas \u00f3s com\u00fans<br \/>\nmortais que non poden &#8211;<span style=\"text-decoration: none;\">podemos-<br \/>\nirnos a un lugar deserto, afastado d<\/span><span style=\"text-decoration: none;\">o<br \/>\nmundanal ru\u00eddo<\/span><span style=\"text-decoration: none;\">. Est\u00e1 a<br \/>\nchegar o tempo do sorriso f\u00e1cil, <\/span><span style=\"text-decoration: none;\">da<br \/>\nboa vontade enlatada, da superaci\u00f3n provisional das preocupaci\u00f3ns,<br \/>\nda permisividade en aras do anterior e do futuro que se est\u00e1 a<br \/>\nfastidiar precisamente por esa mesma permisividade. Un paseo \u00e1 beira<br \/>\nda r\u00eda para esquecer que se est\u00e1 a converter nun r\u00edo. Unha compra<br \/>\npara esquecer o estrago que esas compras producen. Unha volta<br \/>\nen coche, onde sexa, para esquecer preocupaci\u00f3ns como o<br \/>\nenvelenamento da atmosfera co mesmo fume que estamos a xerar. <\/span><span style=\"text-decoration: none;\">Ou<br \/>\nunha cami\u00f1ata polo monte rematado de se queimar?<\/span><\/p>\n<p><a href=\"https:\/\/blogs.amarinha.gal\/ribadeando\/wp-content\/uploads\/sites\/4\/2023\/12\/Chiodec3.jpg.jpg\" style=\"margin-left: 1em; margin-right: 1em;\"><img loading=\"lazy\" decoding=\"async\" height=\"491\" src=\"https:\/\/blogs.amarinha.gal\/ribadeando\/wp-content\/uploads\/sites\/4\/2023\/12\/Chiodec3.jpg.jpg\" class=\"wp-image-1168\" width=\"655\" \/><\/a><\/p>\n<p align=\"justify\"><span style=\"text-decoration: none;\">Si, \u00e9 doado. <\/span><span style=\"text-decoration: none;\">O<br \/>\nque? Non importa, iremos polo doado: \u00e9 doado!<\/span><span style=\"text-decoration: none;\">M<\/span><span style=\"text-decoration: none;\">esmo<br \/>\nas verbas aguantan con todo. E cada vez hai m\u00e1is. Non s\u00f3 as<br \/>\nproducidas por unha chamada intelixencia artificial que promete<br \/>\ncousas que non \u00e9 consciente de poder cumprir (\u00e9 que acaso a IA<br \/>\nactual \u00e9 consciente?). <\/span><span style=\"text-decoration: none;\">Mais<br \/>\ntam\u00e9n con palabras<\/span><span style=\"text-decoration: none;\">, con<br \/>\noutro car\u00e1cter moito m\u00e1is colaborativo, humano e m\u00e1is noso, <\/span><span style=\"text-decoration: none;\">con<br \/>\nesforzo <\/span><span style=\"text-decoration: none;\">de aqu\u00ed, a<br \/>\nGalipedia <\/span><span style=\"text-decoration: none;\">acadou<\/span><span style=\"text-decoration: none;\"><br \/>\no mes pasado <\/span><span style=\"text-decoration: none;\">2<\/span><span style=\"text-decoration: none;\">00<br \/>\n000 artigos. <\/span><span style=\"text-decoration: none;\">Ribadeo,<br \/>\nFuturo ou Cambio clim\u00e1tico est\u00e1n entre eles. <\/span><span style=\"text-decoration: none;\">Un<br \/>\npequeno lume de esperanza de cara a un <\/span><span style=\"text-decoration: none;\">porvir<\/span><span style=\"text-decoration: none;\"><br \/>\npolo que hai que loitar.<\/span><\/p>\n<p align=\"justify\">Repaso o escrito mentres amence. Chove no escuro, pero a luz loita<br \/>\npor facerse d\u00eda.<\/p>\n<p><a href=\"https:\/\/blogs.amarinha.gal\/ribadeando\/wp-content\/uploads\/sites\/4\/2023\/12\/Chiodec4.jpg\" style=\"margin-left: 1em; margin-right: 1em;\"><img loading=\"lazy\" decoding=\"async\" height=\"247\" src=\"https:\/\/blogs.amarinha.gal\/ribadeando\/wp-content\/uploads\/sites\/4\/2023\/12\/Chiodec4.jpg\" class=\"wp-image-1169\" width=\"655\" \/><\/a><\/p>\n","protected":false},"excerpt":{"rendered":"<p>&nbsp;&nbsp;&nbsp; Remata de chegar a min o \u00faltimo Ch\u00edo polo momento, o n\u00famero da revista dixital do mes de decembro. Dela sorprend\u00e9ronme varias cousas, pero o seu tama\u00f1o, asequible ata o \u00faltimo recuncho en pouco tempo, fai que mellor que comentalas, facilite o acceso. &nbsp;&nbsp;&nbsp; Como en n\u00fameros anteriores de Ch\u00edo, te\u00f1o unha pequena participaci\u00f3n. [&hellip;]<\/p>\n","protected":false},"author":3,"featured_media":1166,"comment_status":"open","ping_status":"closed","sticky":false,"template":"","format":"standard","meta":{"activitypub_content_warning":"","activitypub_content_visibility":"","activitypub_max_image_attachments":3,"activitypub_interaction_policy_quote":"anyone","activitypub_status":"","footnotes":""},"categories":[1],"tags":[10,63,26,56,9],"class_list":["post-1165","post","type-post","status-publish","format-standard","has-post-thumbnail","hentry","category-sen-categoria","tag-cultura","tag-galipedia","tag-medio","tag-ria","tag-sociedade"],"_links":{"self":[{"href":"https:\/\/blogs.amarinha.gal\/ribadeando\/wp-json\/wp\/v2\/posts\/1165","targetHints":{"allow":["GET"]}}],"collection":[{"href":"https:\/\/blogs.amarinha.gal\/ribadeando\/wp-json\/wp\/v2\/posts"}],"about":[{"href":"https:\/\/blogs.amarinha.gal\/ribadeando\/wp-json\/wp\/v2\/types\/post"}],"author":[{"embeddable":true,"href":"https:\/\/blogs.amarinha.gal\/ribadeando\/wp-json\/wp\/v2\/users\/3"}],"replies":[{"embeddable":true,"href":"https:\/\/blogs.amarinha.gal\/ribadeando\/wp-json\/wp\/v2\/comments?post=1165"}],"version-history":[{"count":0,"href":"https:\/\/blogs.amarinha.gal\/ribadeando\/wp-json\/wp\/v2\/posts\/1165\/revisions"}],"wp:featuredmedia":[{"embeddable":true,"href":"https:\/\/blogs.amarinha.gal\/ribadeando\/wp-json\/wp\/v2\/media\/1166"}],"wp:attachment":[{"href":"https:\/\/blogs.amarinha.gal\/ribadeando\/wp-json\/wp\/v2\/media?parent=1165"}],"wp:term":[{"taxonomy":"category","embeddable":true,"href":"https:\/\/blogs.amarinha.gal\/ribadeando\/wp-json\/wp\/v2\/categories?post=1165"},{"taxonomy":"post_tag","embeddable":true,"href":"https:\/\/blogs.amarinha.gal\/ribadeando\/wp-json\/wp\/v2\/tags?post=1165"}],"curies":[{"name":"wp","href":"https:\/\/api.w.org\/{rel}","templated":true}]}}