{"id":1146,"date":"2023-12-09T09:00:00","date_gmt":"2023-12-09T08:00:00","guid":{"rendered":""},"modified":"2024-10-23T12:33:58","modified_gmt":"2024-10-23T10:33:58","slug":"bestial-xose-carlos-rodriguez-ranon","status":"publish","type":"post","link":"https:\/\/blogs.amarinha.gal\/ribadeando\/2023\/12\/09\/bestial-xose-carlos-rodriguez-ranon\/","title":{"rendered":"Bestial! Xos\u00e9 Carlos Rodr\u00edguez Ra\u00f1\u00f3n"},"content":{"rendered":"<p>&nbsp;<\/p>\n<table align=\"center\" cellpadding=\"0\" cellspacing=\"0\" class=\"tr-caption-container\" style=\"margin-left: auto; margin-right: auto;\">\n<tbody>\n<tr>\n<td style=\"text-align: center;\"><a href=\"https:\/\/blogs.amarinha.gal\/ribadeando\/wp-content\/uploads\/sites\/4\/2023\/12\/Entrada_para_o_filme_As_bestas_en_Cantones_Cines_da_CoruC3B1a.jpg\" imageanchor=\"1\" style=\"margin-left: auto; margin-right: auto;\"><img loading=\"lazy\" decoding=\"async\" height=\"293\" src=\"https:\/\/blogs.amarinha.gal\/ribadeando\/wp-content\/uploads\/sites\/4\/2023\/12\/Entrada_para_o_filme_As_bestas_en_Cantones_Cines_da_CoruC3B1a.jpg\" class=\"wp-image-1147\" width=\"613\" \/><\/a><\/td>\n<\/tr>\n<tr>\n<td class=\"tr-caption\" style=\"text-align: center;\"><span style=\"font-size: x-small;\">Entrada para As Bestas. Imaxe no D.P. collida de gl.wikipedia.org<\/span>\n<\/td>\n<\/tr>\n<\/tbody>\n<\/table>\n<p><em>BESTIAL!<br \/>\n<\/em><\/p>\n<p><em><br \/>\n<a href=\"https:\/\/blogs.amarinha.gal\/ribadeando\/search\/label\/Xos%C3%A9%20Carlos%20Rodr%C3%ADguez%20Ra%C3%B1%C3%B3n\" rel=\"nofollow noopener\" target=\"_blank\">Xos\u00e9 Carlos Rodr\u00edguez Ra\u00f1\u00f3n<\/a><br \/>\n<\/em><\/p>\n<p><em><br \/>\n\t<span>&nbsp;&nbsp; &nbsp;<\/span>O pasado ano produc\u00edase a estrea do filme \u201c<a href=\"https:\/\/gl.wikipedia.org\/wiki\/As_bestas\" rel=\"nofollow noopener\" target=\"_blank\">As bestas<\/a>\u201d (xa houbera tam\u00e9n un documental estadounidense), coproducido entre Francia e Espa\u00f1a e baseado no crime do holand\u00e9s Martin Verfondern na aldea de Santoalla en Pet\u00edn no 2010 por mor do uso agrario ou e\u00f3lico dunhas leiras. Un thriller rural de Sorogoyen en toda a regra no que a realidade volta superar a ficci\u00f3n. Obtivo moi boa acollida no festival de Cannes, varios premios no de Donostia e foi seleccionado mesmo para ir aos Oscar.<\/em><\/p>\n<p><em><br \/>\n\t<span>&nbsp;&nbsp; &nbsp;<\/span>A rodaxe tivo lugar no Bierzo e a parella holandesa protagonista do homicidio ver\u00eddico muda en francesa na fita. Afeccionados \u00e1 agricultura ecol\u00f3xica e \u00e1 vida bohemia como bos \u201cruralitas\u201d, deciden establec\u00e9rense na parroquia, moi perto da \u00fanica casa da contorna, habitada por unha familia oriunda do lugar. As relaci\u00f3ns de veci\u00f1anza, desde o comezo, foron mal. No abafante ambiente natural resp\u00edrase a atmosfera de \u201c<a href=\"https:\/\/gl.wikipedia.org\/wiki\/Sempre_Xonxa\" rel=\"nofollow noopener\" target=\"_blank\">Sempre Xonxa<\/a>\u201d, filmada por Chano Pi\u00f1eiro en 1989 en Valdeorras. Como an\u00e9cdota, comentar que nesta longametraxe actuaron de extras os irm\u00e1ns dun bo amigo de quen isto escribe.<\/em><\/p>\n<p><em><br \/>\n\t<span>&nbsp;&nbsp; &nbsp;<\/span>Tantos anos despois, Margo Pool segue a vivir nese mesmo sitio e o seu home fica soterrado no cemiterio parroquial. As relaci\u00f3ns coa familia nativa son igualmente tensas, mais polo menos poden coexistir xa con calma e en relativa paz,  froito do perd\u00f3n e da vontade de lembrar honrando sen odiar.<\/em><\/p>\n","protected":false},"excerpt":{"rendered":"<p>&nbsp; Entrada para As Bestas. Imaxe no D.P. collida de gl.wikipedia.org BESTIAL! Xos\u00e9 Carlos Rodr\u00edguez Ra\u00f1\u00f3n &nbsp;&nbsp; &nbsp;O pasado ano produc\u00edase a estrea do filme \u201cAs bestas\u201d (xa houbera tam\u00e9n un documental estadounidense), coproducido entre Francia e Espa\u00f1a e baseado no crime do holand\u00e9s Martin Verfondern na aldea de Santoalla en Pet\u00edn no 2010 por [&hellip;]<\/p>\n","protected":false},"author":3,"featured_media":1147,"comment_status":"open","ping_status":"closed","sticky":false,"template":"","format":"standard","meta":{"activitypub_content_warning":"","activitypub_content_visibility":"","activitypub_max_image_attachments":3,"activitypub_interaction_policy_quote":"anyone","activitypub_status":"","footnotes":""},"categories":[1],"tags":[10,11,31],"class_list":["post-1146","post","type-post","status-publish","format-standard","has-post-thumbnail","hentry","category-sen-categoria","tag-cultura","tag-historia","tag-xose-carlos-rodriguez-ranon"],"_links":{"self":[{"href":"https:\/\/blogs.amarinha.gal\/ribadeando\/wp-json\/wp\/v2\/posts\/1146","targetHints":{"allow":["GET"]}}],"collection":[{"href":"https:\/\/blogs.amarinha.gal\/ribadeando\/wp-json\/wp\/v2\/posts"}],"about":[{"href":"https:\/\/blogs.amarinha.gal\/ribadeando\/wp-json\/wp\/v2\/types\/post"}],"author":[{"embeddable":true,"href":"https:\/\/blogs.amarinha.gal\/ribadeando\/wp-json\/wp\/v2\/users\/3"}],"replies":[{"embeddable":true,"href":"https:\/\/blogs.amarinha.gal\/ribadeando\/wp-json\/wp\/v2\/comments?post=1146"}],"version-history":[{"count":0,"href":"https:\/\/blogs.amarinha.gal\/ribadeando\/wp-json\/wp\/v2\/posts\/1146\/revisions"}],"wp:featuredmedia":[{"embeddable":true,"href":"https:\/\/blogs.amarinha.gal\/ribadeando\/wp-json\/wp\/v2\/media\/1147"}],"wp:attachment":[{"href":"https:\/\/blogs.amarinha.gal\/ribadeando\/wp-json\/wp\/v2\/media?parent=1146"}],"wp:term":[{"taxonomy":"category","embeddable":true,"href":"https:\/\/blogs.amarinha.gal\/ribadeando\/wp-json\/wp\/v2\/categories?post=1146"},{"taxonomy":"post_tag","embeddable":true,"href":"https:\/\/blogs.amarinha.gal\/ribadeando\/wp-json\/wp\/v2\/tags?post=1146"}],"curies":[{"name":"wp","href":"https:\/\/api.w.org\/{rel}","templated":true}]}}