{"id":11003,"date":"2005-08-22T19:20:00","date_gmt":"2005-08-22T17:20:00","guid":{"rendered":""},"modified":"2024-11-12T16:23:08","modified_gmt":"2024-11-12T15:23:08","slug":"conflicto-en-rinlo","status":"publish","type":"post","link":"https:\/\/blogs.amarinha.gal\/ribadeando\/2005\/08\/22\/conflicto-en-rinlo\/","title":{"rendered":"Conflito en Rinlo"},"content":{"rendered":"<p><a href=\"http:\/\/photos1.blogger.com\/blogger\/7979\/755\/1600\/PeiraoRinlo.jpg\" onblur=\"try {parent.deselectBloggerImageGracefully();} catch(e) {}\"><img decoding=\"async\" alt=\"\" src=\"http:\/\/photos1.blogger.com\/blogger\/7979\/755\/320\/PeiraoRinlo.jpg\" \/><\/a>Vemos na foto unha celebraci\u00f3n pr\u00f3xima: a da festa do percebe en Rinlo. Se o proxecto dun criadeiro de rodaballo na vici\u00f1anza de Rinlo vai adiante, posiblemente en poucos anos os percebes da festa ser\u00e1n importados: p\u00f3dense ver en varios sitios as consecuencias de unha planta tal, de 40000m2 de extensi\u00f3n, que promete traer moitos postos de traballo cando a realidade que se desprende da documentaci\u00f3n presentada pola empresa implica unha cantidade de persoal moi limitada. Eses postos de traballo ser\u00edan o se\u00f1uelo para a compra de vontades: a\u00ednda me lembro cando no primeiro recheo (fai 15 anos) en Ribadeo, po\u00f1\u00edase o mesmo se\u00f1uelo, quedando durante uns dez anos sen traballar nin unha soa persoa al\u00ed. Esta mesma ma\u00f1\u00e1, membros de ADEGA (<a href=\"http:\/\/www.adegagaliza.org\/\">http:\/\/www.adegagaliza.org\/<\/a>) lograron parar \u00e1s m\u00e1quinas. Xa veremos se esta situaci\u00f3n contin\u00faa ou se resolve: esta mesma ma\u00f1\u00e1, o alcalde, nunha rolda de prensa, apoiou a granxa, na que parece que anda polo medio \u00c1lvarez Cascos e que foi aprobada (nun paquete conxunto con outras instalaci\u00f3ns semellantes) no \u00faltimo consello da Xunta de Fraga.<\/p>\n<p>Por certo, fun testigo dunha nova negativa de informaci\u00f3n no Concello, neste caso \u00f3 persoal de ADEGA.<\/p>\n<p>Por certo tam\u00e9n, que a planta que se pretende en Rinlo foi rexeitada en Luarca e logo en Castropol (na zona de Arnao). En fin, non \u00e9 s\u00f3 &#8216;Spain is different&#8217;; parece que agora, tam\u00e9n &#8216;Ribadeo is different&#8217;<\/p>\n","protected":false},"excerpt":{"rendered":"<p>Vemos na foto unha celebraci\u00f3n pr\u00f3xima: a da festa do percebe en Rinlo. Se o proxecto dun criadeiro de rodaballo na vici\u00f1anza de Rinlo vai adiante, posiblemente en poucos anos os percebes da festa ser\u00e1n importados: p\u00f3dense ver en varios sitios as consecuencias de unha planta tal, de 40000m2 de extensi\u00f3n, que promete traer moitos [&hellip;]<\/p>\n","protected":false},"author":3,"featured_media":0,"comment_status":"open","ping_status":"closed","sticky":false,"template":"","format":"standard","meta":{"activitypub_content_warning":"","activitypub_content_visibility":"","activitypub_max_image_attachments":3,"activitypub_interaction_policy_quote":"anyone","activitypub_status":"federate","footnotes":""},"categories":[1],"tags":[21,93,9],"class_list":["post-11003","post","type-post","status-publish","format-standard","hentry","category-sen-categoria","tag-economia","tag-fotos-ribadeo","tag-sociedade"],"_links":{"self":[{"href":"https:\/\/blogs.amarinha.gal\/ribadeando\/wp-json\/wp\/v2\/posts\/11003","targetHints":{"allow":["GET"]}}],"collection":[{"href":"https:\/\/blogs.amarinha.gal\/ribadeando\/wp-json\/wp\/v2\/posts"}],"about":[{"href":"https:\/\/blogs.amarinha.gal\/ribadeando\/wp-json\/wp\/v2\/types\/post"}],"author":[{"embeddable":true,"href":"https:\/\/blogs.amarinha.gal\/ribadeando\/wp-json\/wp\/v2\/users\/3"}],"replies":[{"embeddable":true,"href":"https:\/\/blogs.amarinha.gal\/ribadeando\/wp-json\/wp\/v2\/comments?post=11003"}],"version-history":[{"count":0,"href":"https:\/\/blogs.amarinha.gal\/ribadeando\/wp-json\/wp\/v2\/posts\/11003\/revisions"}],"wp:attachment":[{"href":"https:\/\/blogs.amarinha.gal\/ribadeando\/wp-json\/wp\/v2\/media?parent=11003"}],"wp:term":[{"taxonomy":"category","embeddable":true,"href":"https:\/\/blogs.amarinha.gal\/ribadeando\/wp-json\/wp\/v2\/categories?post=11003"},{"taxonomy":"post_tag","embeddable":true,"href":"https:\/\/blogs.amarinha.gal\/ribadeando\/wp-json\/wp\/v2\/tags?post=11003"}],"curies":[{"name":"wp","href":"https:\/\/api.w.org\/{rel}","templated":true}]}}