{"id":1099,"date":"2023-12-23T09:00:00","date_gmt":"2023-12-23T08:00:00","guid":{"rendered":""},"modified":"2024-10-23T12:27:27","modified_gmt":"2024-10-23T10:27:27","slug":"la-grande-dame-du-theatre-francais-xose","status":"publish","type":"post","link":"https:\/\/blogs.amarinha.gal\/ribadeando\/2023\/12\/23\/la-grande-dame-du-theatre-francais-xose\/","title":{"rendered":"LA GRANDE DAME DU TH\u00c9\u00c2TRE FRAN\u00c7AIS. Xos\u00e9 Carlos Rodr\u00edguez Ra\u00f1\u00f3n"},"content":{"rendered":"<p>&nbsp;<\/p>\n<table align=\"center\" cellpadding=\"0\" cellspacing=\"0\" class=\"tr-caption-container\" style=\"margin-left: auto; margin-right: auto;\">\n<tbody>\n<tr>\n<td style=\"text-align: center;\"><a href=\"https:\/\/blogs.amarinha.gal\/ribadeando\/wp-content\/uploads\/sites\/4\/2023\/12\/CasarC3A8s_Harcourt_1944b.jpg\" imageanchor=\"1\" style=\"margin-left: auto; margin-right: auto;\"><img loading=\"lazy\" decoding=\"async\" height=\"736\" src=\"https:\/\/blogs.amarinha.gal\/ribadeando\/wp-content\/uploads\/sites\/4\/2023\/12\/CasarC3A8s_Harcourt_1944b.jpg\" class=\"wp-image-1100\" width=\"571\" \/><\/a><\/td>\n<\/tr>\n<tr>\n<td class=\"tr-caption\" style=\"text-align: center;\"><span style=\"font-size: x-small;\">Mar\u00eda Casares no 1944. Foto no Dominio P\u00fablico, collida de <a href=\"https:\/\/gl.wikipedia.org\/wiki\/Ficheiro:Casar%C3%A8s_Harcourt_1944b.jpg\">gl.Wikipedia.org<\/a><br \/>\n<\/span><\/td>\n<\/tr>\n<\/tbody>\n<\/table>\n<p><em>\u201cLA GRANDE DAME DU TH\u00c9\u00c2TRE FRAN\u00c7AIS\u201d<br \/>\n<\/em><\/p>\n<p><em><br \/>\n<a href=\"https:\/\/blogs.amarinha.gal\/ribadeando\/search\/label\/Xos%C3%A9%20Carlos%20Rodr%C3%ADguez%20Ra%C3%B1%C3%B3n\" rel=\"nofollow noopener\" target=\"_blank\">Xos\u00e9 Carlos Rodr\u00edguez Ra\u00f1\u00f3n<\/a><br \/>\n<\/em><\/p>\n<p><em><br \/>\n\t<span>&nbsp;&nbsp; &nbsp;<\/span>En 2022 (ano do centenario do seu nacemento) estreouse o documental de Xavier Villaverde adicado \u00e1 inmensa actriz de teatro <a href=\"https:\/\/gl.wikipedia.org\/wiki\/Mar%C3%ADa_Casares\" rel=\"nofollow noopener\" target=\"_blank\">Mar\u00eda Casares<\/a>, filla do que fora presidente do Consello de Ministros durante a <a href=\"https:\/\/gl.wikipedia.org\/wiki\/II_Rep%C3%BAblica_Espa%C3%B1ola\" rel=\"nofollow noopener\" target=\"_blank\">II Rep\u00fablica<\/a> en 1936 <a href=\"https:\/\/gl.wikipedia.org\/wiki\/Casares_Quiroga\" rel=\"nofollow noopener\" target=\"_blank\">Santiago Casares Quiroga<\/a>. Exilada desde nena en Francia a ra\u00edz da guerra civil espa\u00f1ola, escribir\u00eda moitos anos despois as s\u00faas memorias \u201cR\u00e9sidente pr\u00e9vilegi\u00e9e\u201d (Residente privilexiada) en lembranza e homenaxe ao que pu\u00f1a o seu documento de entrada no pa\u00eds galo. Eu puiden mercar (por un s\u00f3 euro) un exemplar no mercadi\u00f1o que organiza periodicamente a AECC en Ribadeo.<\/em><\/p>\n<p><em><br \/>\n\t<span>&nbsp;&nbsp; &nbsp;<\/span>A s\u00faa traxectoria como actriz fundamentalmente de teatro e en franc\u00e9s (mesmo cun marcado sotaque galego) foi fulgurante e camale\u00f3nica. Protagonizou alg\u00fan filme dirixida por <a href=\"https:\/\/gl.wikipedia.org\/wiki\/Jean_Cocteau\" rel=\"nofollow noopener\" target=\"_blank\">Cocteau<\/a> ou <a href=\"https:\/\/gl.wikipedia.org\/wiki\/Robert_Bresson\" rel=\"nofollow noopener\" target=\"_blank\">Bresson<\/a>, mais centrouse nas t\u00e1boas para dar v\u00eda libre ao seu talento interpretativo. Durante 16 anos foi amante de <a href=\"https:\/\/gl.wikipedia.org\/wiki\/Albert_Camus\" rel=\"nofollow noopener\" target=\"_blank\">Albert Camus<\/a> e a s\u00faa saudade da Coru\u00f1a non desapareceu at\u00e9 que retornou en 1976, a\u00ednda que en Espa\u00f1a era unha aut\u00e9ntica desco\u00f1ecida, polo que xa delicada de sa\u00fade decidiu voltar a Francia.<\/em><\/p>\n<p><em><br \/>\n\t<span>&nbsp;&nbsp; &nbsp;<\/span>Na Coru\u00f1a vivira na r\u00faa Panadeiras (a car\u00f3n do barrio prostibulario do Papagaio) nunha fermosa casa con xard\u00edn (desde o que v\u00eda as prostitutas no seu tempo de lecer) que foi saqueada durante a guerra civil. Hoxe \u00e9 un museo en memoria de seu pai e da tradici\u00f3n democr\u00e1tica republicana. Unha asociaci\u00f3n da cidade pretende agora, moi aca\u00eddamente, po\u00f1erlle o seu nome ao <a href=\"https:\/\/gl.wikipedia.org\/wiki\/Teatro_Col%C3%B3n_da_Coru%C3%B1a\" rel=\"nofollow noopener\" target=\"_blank\">Teatro Col\u00f3n <\/a>herculino.<\/em><\/p>\n","protected":false},"excerpt":{"rendered":"<p>&nbsp; Mar\u00eda Casares no 1944. Foto no Dominio P\u00fablico, collida de gl.Wikipedia.org \u201cLA GRANDE DAME DU TH\u00c9\u00c2TRE FRAN\u00c7AIS\u201d Xos\u00e9 Carlos Rodr\u00edguez Ra\u00f1\u00f3n &nbsp;&nbsp; &nbsp;En 2022 (ano do centenario do seu nacemento) estreouse o documental de Xavier Villaverde adicado \u00e1 inmensa actriz de teatro Mar\u00eda Casares, filla do que fora presidente do Consello de Ministros durante [&hellip;]<\/p>\n","protected":false},"author":3,"featured_media":1100,"comment_status":"open","ping_status":"closed","sticky":false,"template":"","format":"standard","meta":{"activitypub_content_warning":"","activitypub_content_visibility":"","activitypub_max_image_attachments":3,"activitypub_interaction_policy_quote":"anyone","activitypub_status":"","footnotes":""},"categories":[1],"tags":[11,31],"class_list":["post-1099","post","type-post","status-publish","format-standard","has-post-thumbnail","hentry","category-sen-categoria","tag-historia","tag-xose-carlos-rodriguez-ranon"],"_links":{"self":[{"href":"https:\/\/blogs.amarinha.gal\/ribadeando\/wp-json\/wp\/v2\/posts\/1099","targetHints":{"allow":["GET"]}}],"collection":[{"href":"https:\/\/blogs.amarinha.gal\/ribadeando\/wp-json\/wp\/v2\/posts"}],"about":[{"href":"https:\/\/blogs.amarinha.gal\/ribadeando\/wp-json\/wp\/v2\/types\/post"}],"author":[{"embeddable":true,"href":"https:\/\/blogs.amarinha.gal\/ribadeando\/wp-json\/wp\/v2\/users\/3"}],"replies":[{"embeddable":true,"href":"https:\/\/blogs.amarinha.gal\/ribadeando\/wp-json\/wp\/v2\/comments?post=1099"}],"version-history":[{"count":0,"href":"https:\/\/blogs.amarinha.gal\/ribadeando\/wp-json\/wp\/v2\/posts\/1099\/revisions"}],"wp:featuredmedia":[{"embeddable":true,"href":"https:\/\/blogs.amarinha.gal\/ribadeando\/wp-json\/wp\/v2\/media\/1100"}],"wp:attachment":[{"href":"https:\/\/blogs.amarinha.gal\/ribadeando\/wp-json\/wp\/v2\/media?parent=1099"}],"wp:term":[{"taxonomy":"category","embeddable":true,"href":"https:\/\/blogs.amarinha.gal\/ribadeando\/wp-json\/wp\/v2\/categories?post=1099"},{"taxonomy":"post_tag","embeddable":true,"href":"https:\/\/blogs.amarinha.gal\/ribadeando\/wp-json\/wp\/v2\/tags?post=1099"}],"curies":[{"name":"wp","href":"https:\/\/api.w.org\/{rel}","templated":true}]}}