{"id":10483,"date":"2006-11-26T11:39:00","date_gmt":"2006-11-26T10:39:00","guid":{"rendered":""},"modified":"2024-11-12T16:05:17","modified_gmt":"2024-11-12T15:05:17","slug":"confusin-en-ribadeo","status":"publish","type":"post","link":"https:\/\/blogs.amarinha.gal\/ribadeando\/2006\/11\/26\/confusin-en-ribadeo\/","title":{"rendered":"Confusi\u00f3n en Ribadeo"},"content":{"rendered":"<p><a onblur=\"try {parent.deselectBloggerImageGracefully();} catch(e) {}\" href=\"http:\/\/photos1.blogger.com\/x\/blogger2\/4141\/1870\/1600\/39311\/Ribadeo%20DSCI0024.jpg\"><img decoding=\"async\" src=\"http:\/\/photos1.blogger.com\/x\/blogger2\/4141\/1870\/400\/323898\/Ribadeo%20DSCI0024.jpg\" alt=\"\" \/><\/a><br \/>\n<a onblur=\"try {parent.deselectBloggerImageGracefully();} catch(e) {}\" href=\"http:\/\/photos1.blogger.com\/x\/blogger2\/4141\/1870\/1600\/64621\/DSCI0023.%20Ribadeo.jpg\"><img decoding=\"async\" src=\"http:\/\/photos1.blogger.com\/x\/blogger2\/4141\/1870\/400\/674288\/DSCI0023.%20Ribadeo.jpg\" alt=\"\" \/><\/a><br \/>\nE moita. E non se trata da confusi\u00f3n, noitre tras noite, que produce a m\u00fasica alta xa cando te deitas e despertar \u00e1s tantas da noite sabendo incumprimentos varios nos locais que coproducen a movida (no meu caso). Non, ref\u00edrome a cousas como os cartos. Coinciden hoxe en titulares que a variante oeste leva un ano de retraso (pode que o que lle prometeron \u00f3 alcalde \u00f3 virar a chaqueta co tema do recheo en Mirasol) polo momento, mentras se prometen novos prazos, con que se consigan mill\u00f3ns de euros en Madrid para un ascensor que parece ser algo as\u00ed como a panacea para que a xente non baixe en coche \u00f3 peirao, abusando da locomoci\u00f3n a combusti\u00f3n interna&#8230; eso s\u00ed, despois de constru\u00edr o correspondente aparcamento nun recheo que no seu d\u00eda foi protestado. E \u00e9 que, despois de s\u00e9culos, o proxecto do ascensor ven solucionar unha molestia, a de baixar \u00f3 peirao a p\u00e9. A min s\u00e9gueme a mosquear que o subvencione Medio Ambiente.<br \/>\nLogo hai outras cousas que parecen para despistar. A medalla \u00e1 coral v\u00e9se deslucida en medio desta mara\u00f1a, na que por exemplo, crit\u00edcase o apoio do alcalde \u00f3s 500m cos mesmos argumentos que empreguei eu: \u00e9 unha nova virachaqueta tras defender vinte urbanizaci\u00f3ns, ou Fernando Su\u00e1rez se defende de queixa veci\u00f1ais alegando que est\u00e1 detr\u00e1s o PP e coido que esquecendo a pregunta de se son ou non lex\u00edtimas, ou aprov\u00e9itase o fin do Leader para dicir que se fixeron moitas cousas e obviando un estudo do seu rendemento, os problemas ou a posibilidade de continuidade. Esqu\u00e9cese as\u00ed tam\u00e9n que unha proposta mi\u00f1a \u00f3 alcalde correspondente por al\u00f3 finais dos anos 80 deixouse no esquecemento e hoxe Viveiro e Foz te\u00f1en aulas universitarias (o que en principio merma a posibilidade de que Ribadeo as te\u00f1a en breve), mentras en Ribadeo estamos atendendo \u00e1 construcci\u00f3n dun ascensor para fomentar o colesterol en turistas e veci\u00f1os.<br \/>\nAs fotos, a previa dunha mellora que se pretende facer na Avda. de Galicia, que comprende o po\u00f1er &#8216;decente&#8217; algo que foi deixado dun xeito &#8216;indecente&#8217; como se pode ver. O outro, a casa do \u00f3ptico co azul que loce esta tempada, e que ser\u00e1 sempre un referente de Ribadeo e da arquitectura indiana na zona.<\/p>\n","protected":false},"excerpt":{"rendered":"<p>E moita. E non se trata da confusi\u00f3n, noitre tras noite, que produce a m\u00fasica alta xa cando te deitas e despertar \u00e1s tantas da noite sabendo incumprimentos varios nos locais que coproducen a movida (no meu caso). Non, ref\u00edrome a cousas como os cartos. Coinciden hoxe en titulares que a variante oeste leva un [&hellip;]<\/p>\n","protected":false},"author":3,"featured_media":0,"comment_status":"open","ping_status":"closed","sticky":false,"template":"","format":"standard","meta":{"activitypub_content_warning":"","activitypub_content_visibility":"","activitypub_max_image_attachments":3,"activitypub_interaction_policy_quote":"anyone","activitypub_status":"federated","footnotes":""},"categories":[1],"tags":[21,93,26,13,9],"class_list":["post-10483","post","type-post","status-publish","format-standard","hentry","category-sen-categoria","tag-economia","tag-fotos-ribadeo","tag-medio","tag-politica","tag-sociedade"],"_links":{"self":[{"href":"https:\/\/blogs.amarinha.gal\/ribadeando\/wp-json\/wp\/v2\/posts\/10483","targetHints":{"allow":["GET"]}}],"collection":[{"href":"https:\/\/blogs.amarinha.gal\/ribadeando\/wp-json\/wp\/v2\/posts"}],"about":[{"href":"https:\/\/blogs.amarinha.gal\/ribadeando\/wp-json\/wp\/v2\/types\/post"}],"author":[{"embeddable":true,"href":"https:\/\/blogs.amarinha.gal\/ribadeando\/wp-json\/wp\/v2\/users\/3"}],"replies":[{"embeddable":true,"href":"https:\/\/blogs.amarinha.gal\/ribadeando\/wp-json\/wp\/v2\/comments?post=10483"}],"version-history":[{"count":0,"href":"https:\/\/blogs.amarinha.gal\/ribadeando\/wp-json\/wp\/v2\/posts\/10483\/revisions"}],"wp:attachment":[{"href":"https:\/\/blogs.amarinha.gal\/ribadeando\/wp-json\/wp\/v2\/media?parent=10483"}],"wp:term":[{"taxonomy":"category","embeddable":true,"href":"https:\/\/blogs.amarinha.gal\/ribadeando\/wp-json\/wp\/v2\/categories?post=10483"},{"taxonomy":"post_tag","embeddable":true,"href":"https:\/\/blogs.amarinha.gal\/ribadeando\/wp-json\/wp\/v2\/tags?post=10483"}],"curies":[{"name":"wp","href":"https:\/\/api.w.org\/{rel}","templated":true}]}}