{"id":10481,"date":"2006-11-27T07:42:00","date_gmt":"2006-11-27T06:42:00","guid":{"rendered":""},"modified":"2024-11-12T16:05:05","modified_gmt":"2024-11-12T15:05:05","slug":"expertos-galegos-e-lusos-falarn-do-tirn","status":"publish","type":"post","link":"https:\/\/blogs.amarinha.gal\/ribadeando\/2006\/11\/27\/expertos-galegos-e-lusos-falarn-do-tirn\/","title":{"rendered":"&#8220;Expertos galegos e lusos falar\u00e1n do tir\u00f3n tur\u00edstico da arqueolox\u00eda&#8221;"},"content":{"rendered":"<p><a href=\"http:\/\/photos1.blogger.com\/x\/blogger2\/4141\/1870\/1600\/678851\/DSCI0008%20r%3Fa%20de%20Ribadeo.jpg\" onblur=\"try {parent.deselectBloggerImageGracefully();} catch(e) {}\"><img decoding=\"async\" alt=\"\" src=\"http:\/\/photos1.blogger.com\/x\/blogger2\/4141\/1870\/400\/577483\/DSCI0008%20r%3Fa%20de%20Ribadeo.jpg\" \/><\/a><\/p>\n<p>\u00c9 unha nova do paquete, de aqu\u00ed \u00e1 beria, da capital de provincia que corresponde a Ribadeo. E aqu\u00ed andamos \u00e1s voltas co castro das Grobas&#8230; que se unhas horas dunha das brigadas de limpeza van ser adicadas a limpalo de maleza&#8230; Pero que atrasadi\u00f1os estamos! Deixa que se entere o alcalde e\/ou o dinamizador tur\u00edstico, e xa estar\u00e1 ama\u00f1ado. Non si? Desta esperemos que o do castro saia adiante.<\/p>\n<p>Mentres que por aqu\u00ed \u00e1 beira se fan &#8216;cr\u00edticas \u00f3 uso pol\u00edtico do urbanismo&#8217; por parte da Xunta, na prensa a nivel nacional onte aparec\u00edan os comentarios (por parte dun alto cargo do ministerio) da Xunta como exemplo a seguir no tema dos 500m (que comezou en Catalu\u00f1a, polo que parece) a impo\u00f1er na beira litoral sen construci\u00f3n, e tam\u00e9n un artigo no que a falta de mellor palabro admitido para o mal do tempo capitalista, indutor e corruptor de pol\u00edticos e empresarios, con grande incidencia no mundo do urbanismo \/ construci\u00f3n, prop\u00f3n unha vella palabra: cham\u00e1deo &#8216;cobiza&#8217;. Para pensar este luns.<\/p>\n<p>Hai un ano publiquei no blog <a href=\"http:\/\/ribadeando.blogspot.com\/2005\/11\/achgase-o-nadal.html\">&#8216;Ach\u00e9gase o Nadal&#8217;<\/a>, pero este ano non hai neve a\u00ednda nas monta\u00f1as. e tam\u00e9n, <a href=\"http:\/\/ribadeando.blogspot.com\/2005\/11\/quen-manda-aqu-en-resposta-unha.html\">&#8216;quen manda aqu\u00ed? (en resposta a unha acusaci\u00f3n)<\/a>, continuaci\u00f3n que xa avisei o outro d\u00eda dunha pol\u00e9mica co alcalde.<\/p>\n","protected":false},"excerpt":{"rendered":"<p>\u00c9 unha nova do paquete, de aqu\u00ed \u00e1 beria, da capital de provincia que corresponde a Ribadeo. E aqu\u00ed andamos \u00e1s voltas co castro das Grobas&#8230; que se unhas horas dunha das brigadas de limpeza van ser adicadas a limpalo de maleza&#8230; Pero que atrasadi\u00f1os estamos! Deixa que se entere o alcalde e\/ou o dinamizador [&hellip;]<\/p>\n","protected":false},"author":3,"featured_media":0,"comment_status":"open","ping_status":"closed","sticky":false,"template":"","format":"standard","meta":{"activitypub_content_warning":"","activitypub_content_visibility":"","activitypub_max_image_attachments":3,"activitypub_interaction_policy_quote":"anyone","activitypub_status":"federate","footnotes":""},"categories":[1],"tags":[73,21,57,13],"class_list":["post-10481","post","type-post","status-publish","format-standard","hentry","category-sen-categoria","tag-castro-das-grobas","tag-economia","tag-fotos-ria-de-ribadeo","tag-politica"],"_links":{"self":[{"href":"https:\/\/blogs.amarinha.gal\/ribadeando\/wp-json\/wp\/v2\/posts\/10481","targetHints":{"allow":["GET"]}}],"collection":[{"href":"https:\/\/blogs.amarinha.gal\/ribadeando\/wp-json\/wp\/v2\/posts"}],"about":[{"href":"https:\/\/blogs.amarinha.gal\/ribadeando\/wp-json\/wp\/v2\/types\/post"}],"author":[{"embeddable":true,"href":"https:\/\/blogs.amarinha.gal\/ribadeando\/wp-json\/wp\/v2\/users\/3"}],"replies":[{"embeddable":true,"href":"https:\/\/blogs.amarinha.gal\/ribadeando\/wp-json\/wp\/v2\/comments?post=10481"}],"version-history":[{"count":0,"href":"https:\/\/blogs.amarinha.gal\/ribadeando\/wp-json\/wp\/v2\/posts\/10481\/revisions"}],"wp:attachment":[{"href":"https:\/\/blogs.amarinha.gal\/ribadeando\/wp-json\/wp\/v2\/media?parent=10481"}],"wp:term":[{"taxonomy":"category","embeddable":true,"href":"https:\/\/blogs.amarinha.gal\/ribadeando\/wp-json\/wp\/v2\/categories?post=10481"},{"taxonomy":"post_tag","embeddable":true,"href":"https:\/\/blogs.amarinha.gal\/ribadeando\/wp-json\/wp\/v2\/tags?post=10481"}],"curies":[{"name":"wp","href":"https:\/\/api.w.org\/{rel}","templated":true}]}}