{"id":10458,"date":"2006-12-09T08:43:00","date_gmt":"2006-12-09T07:43:00","guid":{"rendered":""},"modified":"2024-11-12T16:04:13","modified_gmt":"2024-11-12T15:04:13","slug":"mar-bramante-cantbrico","status":"publish","type":"post","link":"https:\/\/blogs.amarinha.gal\/ribadeando\/2006\/12\/09\/mar-bramante-cantbrico\/","title":{"rendered":"Mar bramante, Cant\u00e1brico"},"content":{"rendered":"<p><a onblur=\"try {parent.deselectBloggerImageGracefully();} catch(e) {}\" href=\"https:\/\/blogger.googleusercontent.com\/img\/b\/R29vZ2xl\/AVvXsEiAS8_kNUibxSWAEGYvP9QwK2v5s-SDYhZkM6wyjVkF1iXLM3Iv-Fvw_Ql60-ll5AXaUrp_bCze8_1MdFtMrgbnB191k8m8-x_8vxk0fnoEzvV088GpOltfP3DV-7yaR5hJy9aNVw\/s2048\/ago5+ria+de+Ribadeo+pena+furada.JPG\"><img decoding=\"async\" src=\"https:\/\/blogger.googleusercontent.com\/img\/b\/R29vZ2xl\/AVvXsEiAS8_kNUibxSWAEGYvP9QwK2v5s-SDYhZkM6wyjVkF1iXLM3Iv-Fvw_Ql60-ll5AXaUrp_bCze8_1MdFtMrgbnB191k8m8-x_8vxk0fnoEzvV088GpOltfP3DV-7yaR5hJy9aNVw\/s2048\/ago5+ria+de+Ribadeo+pena+furada.JPG\" alt=\"\" \/><\/a><br \/>\nOnte o mar era un bramido. o seu berro chegaba ata Ribadeo, a\u00ednda que o ru\u00eddo propio de funcionamento do pobo que quere ser cidade non deixaba oco para escoitalo a non ser que un se parara a facelo. abondo diferente da foto pr\u00e1cida da Pena Furada na entrada da R\u00eda de Ribadeo.<br \/>\nMentras, parece que Costas derribou o armac\u00e9n de pescadores de Rinlo, que por certo foi nomeado na xuntanza sobre urbanismo na costa do outro d\u00eda, para facer un novo mirador. Ser\u00e1 algo as\u00ed como &#8216;unha de cal e outra de area&#8217; o que practica este organismo?<br \/>\nA nova de hoxe, un d\u00eda m\u00e1is da ponte e polo tanto, relaxado de novas pol\u00edticas, esa comidilla diaria que surte os xornais, foi a feira de Nadal de Ribadeo, que segue a subir, como o manifest que O Tes\u00f3n solo f\u00f3ra invitado a po\u00f1er un posto o primeiro ano, como comparsa, e logo nin grazas nin desgrazas, sen\u00f3n mutismo, que para algo \u00e9 do pobo e \u00e9 asociaci\u00f3n de veci\u00f3s, para constru\u00edr Ribadeo (cando lle deixan). O certo \u00e9 que paga a pena achegarse por al\u00ed, e m\u00e1is nestes d\u00edas desapacibles, nos que merman as alternativas e pode que tam\u00e9n eso axude a m\u00e1is concentraci\u00f3n na mirada que por al\u00ed se asoma.<br \/>\nAdxunto &#8216;Des-prestige&#8217; (14\/1\/2003). Foi un artigo sobre o Prestige, ese aut\u00e9ntico desprestixio para a resposta dos poderes p\u00fablicos que por desgraza foi para a natureza algo m\u00e1is ca eso.<br \/>\n<a onblur=\"try {parent.deselectBloggerImageGracefully();} catch(e) {}\" href=\"https:\/\/blogger.googleusercontent.com\/img\/b\/R29vZ2xl\/AVvXsEj8owNEtf5cSlDjdifoXE4Rg1sfxT4QH-9zgD1Wnz3kZ91Re6JmhOM9PXcGmWA94SV8MRxv0wrpszPsk6XkIM2YquKPG-4VlGOWTEAOKJtJRrXQ09REE-03d7syTwDzelzKlWSldA\/s2048\/desprestige.jpeg\"><img decoding=\"async\" src=\"https:\/\/blogger.googleusercontent.com\/img\/b\/R29vZ2xl\/AVvXsEj8owNEtf5cSlDjdifoXE4Rg1sfxT4QH-9zgD1Wnz3kZ91Re6JmhOM9PXcGmWA94SV8MRxv0wrpszPsk6XkIM2YquKPG-4VlGOWTEAOKJtJRrXQ09REE-03d7syTwDzelzKlWSldA\/s2048\/desprestige.jpeg\" alt=\"\" \/><\/a><\/p>\n","protected":false},"excerpt":{"rendered":"<p>Onte o mar era un bramido. o seu berro chegaba ata Ribadeo, a\u00ednda que o ru\u00eddo propio de funcionamento do pobo que quere ser cidade non deixaba oco para escoitalo a non ser que un se parara a facelo. abondo diferente da foto pr\u00e1cida da Pena Furada na entrada da R\u00eda de Ribadeo. Mentras, parece [&hellip;]<\/p>\n","protected":false},"author":3,"featured_media":0,"comment_status":"open","ping_status":"closed","sticky":false,"template":"","format":"standard","meta":{"activitypub_content_warning":"","activitypub_content_visibility":"","activitypub_max_image_attachments":3,"activitypub_interaction_policy_quote":"anyone","activitypub_status":"federate","footnotes":""},"categories":[1],"tags":[21,57,26,74,9],"class_list":["post-10458","post","type-post","status-publish","format-standard","hentry","category-sen-categoria","tag-economia","tag-fotos-ria-de-ribadeo","tag-medio","tag-o-teson","tag-sociedade"],"_links":{"self":[{"href":"https:\/\/blogs.amarinha.gal\/ribadeando\/wp-json\/wp\/v2\/posts\/10458","targetHints":{"allow":["GET"]}}],"collection":[{"href":"https:\/\/blogs.amarinha.gal\/ribadeando\/wp-json\/wp\/v2\/posts"}],"about":[{"href":"https:\/\/blogs.amarinha.gal\/ribadeando\/wp-json\/wp\/v2\/types\/post"}],"author":[{"embeddable":true,"href":"https:\/\/blogs.amarinha.gal\/ribadeando\/wp-json\/wp\/v2\/users\/3"}],"replies":[{"embeddable":true,"href":"https:\/\/blogs.amarinha.gal\/ribadeando\/wp-json\/wp\/v2\/comments?post=10458"}],"version-history":[{"count":0,"href":"https:\/\/blogs.amarinha.gal\/ribadeando\/wp-json\/wp\/v2\/posts\/10458\/revisions"}],"wp:attachment":[{"href":"https:\/\/blogs.amarinha.gal\/ribadeando\/wp-json\/wp\/v2\/media?parent=10458"}],"wp:term":[{"taxonomy":"category","embeddable":true,"href":"https:\/\/blogs.amarinha.gal\/ribadeando\/wp-json\/wp\/v2\/categories?post=10458"},{"taxonomy":"post_tag","embeddable":true,"href":"https:\/\/blogs.amarinha.gal\/ribadeando\/wp-json\/wp\/v2\/tags?post=10458"}],"curies":[{"name":"wp","href":"https:\/\/api.w.org\/{rel}","templated":true}]}}