{"id":10448,"date":"2006-12-16T11:38:00","date_gmt":"2006-12-16T10:38:00","guid":{"rendered":""},"modified":"2024-11-12T16:03:53","modified_gmt":"2024-11-12T15:03:53","slug":"privatizando-ribadeo","status":"publish","type":"post","link":"https:\/\/blogs.amarinha.gal\/ribadeando\/2006\/12\/16\/privatizando-ribadeo\/","title":{"rendered":"Privatizando Ribadeo"},"content":{"rendered":"<p><a onblur=\"try {parent.deselectBloggerImageGracefully();} catch(e) {}\" href=\"https:\/\/blogger.googleusercontent.com\/img\/b\/R29vZ2xl\/AVvXsEi4_Uhg7bVE0XtsmT8a8YTzeosT088-lGjZdTr2Zd-bElDbz3gFWCpDG16XosbBy0Lfiy7OksSmuBV7SLLKM2lybkRSaEu3Q0ZpbutDOp5ss_UDkjN8xGZ-yzn6sKlEQ3YlTC2mGQ\/s2048\/DSCI0003+Ribadeo.JPG\"><img decoding=\"async\" src=\"https:\/\/blogger.googleusercontent.com\/img\/b\/R29vZ2xl\/AVvXsEi4_Uhg7bVE0XtsmT8a8YTzeosT088-lGjZdTr2Zd-bElDbz3gFWCpDG16XosbBy0Lfiy7OksSmuBV7SLLKM2lybkRSaEu3Q0ZpbutDOp5ss_UDkjN8xGZ-yzn6sKlEQ3YlTC2mGQ\/s2048\/DSCI0003+Ribadeo.JPG\" alt=\"\" \/><\/a><br \/>\n<a onblur=\"try {parent.deselectBloggerImageGracefully();} catch(e) {}\" href=\"https:\/\/blogger.googleusercontent.com\/img\/b\/R29vZ2xl\/AVvXsEgVGoUy4q61-fFqHCtppS3qPLIWZQpFNNtFuhOnazBVozGrRrclYzVt9P2em4s8IziZLzlsSPcnC-Rpme5MMyrdLl2RYTJsI2F4RjCpYheWsMVx8dPGqhhdE6ynH1yiOY1JVcJNHg\/s2048\/DSCI0004+Ribadeo.JPG\"><img decoding=\"async\" src=\"https:\/\/blogger.googleusercontent.com\/img\/b\/R29vZ2xl\/AVvXsEgVGoUy4q61-fFqHCtppS3qPLIWZQpFNNtFuhOnazBVozGrRrclYzVt9P2em4s8IziZLzlsSPcnC-Rpme5MMyrdLl2RYTJsI2F4RjCpYheWsMVx8dPGqhhdE6ynH1yiOY1JVcJNHg\/s2048\/DSCI0004+Ribadeo.JPG\" alt=\"\" \/><\/a><br \/>\n<a onblur=\"try {parent.deselectBloggerImageGracefully();} catch(e) {}\" href=\"https:\/\/blogger.googleusercontent.com\/img\/b\/R29vZ2xl\/AVvXsEjZC3e1LO7fEF10sLn-bM7FdNUL6OnmnG5mFeO3_cHSoctD0Zcr5bj_vTkUjTZJzFZDlIlQ39zUYWhr382cLMKIVWs6uaeiqy34siP7OEYC9OXmt6Icc6RFOuhqjnkpK-49ftEVxQ\/s2048\/DSCI0005+Ribadeo.JPG\"><img decoding=\"async\" src=\"https:\/\/blogger.googleusercontent.com\/img\/b\/R29vZ2xl\/AVvXsEjZC3e1LO7fEF10sLn-bM7FdNUL6OnmnG5mFeO3_cHSoctD0Zcr5bj_vTkUjTZJzFZDlIlQ39zUYWhr382cLMKIVWs6uaeiqy34siP7OEYC9OXmt6Icc6RFOuhqjnkpK-49ftEVxQ\/s2048\/DSCI0005+Ribadeo.JPG\" alt=\"\" \/><\/a><br \/>\n<a onblur=\"try {parent.deselectBloggerImageGracefully();} catch(e) {}\" href=\"https:\/\/blogger.googleusercontent.com\/img\/b\/R29vZ2xl\/AVvXsEhjBkt4EQO6OJAkcXW4JLpZqSDtCt9fz0T0_uTZ4PrNsK4zmFx-3oUcnJF4Fp-ym8YN7sxtRXtuLUiv_oXqdXCDET9rNuiH6gFAMPWGCSJocLbDrLeyJDpCmIak9iwQeOeN7Eyznw\/s2048\/DSCI0002+r%C3%ADa+de+Ribadeo.JPG\"><img decoding=\"async\" src=\"https:\/\/blogger.googleusercontent.com\/img\/b\/R29vZ2xl\/AVvXsEhjBkt4EQO6OJAkcXW4JLpZqSDtCt9fz0T0_uTZ4PrNsK4zmFx-3oUcnJF4Fp-ym8YN7sxtRXtuLUiv_oXqdXCDET9rNuiH6gFAMPWGCSJocLbDrLeyJDpCmIak9iwQeOeN7Eyznw\/s2048\/DSCI0002+r%C3%ADa+de+Ribadeo.JPG\" alt=\"\" \/><\/a><br \/>\nHoxe, dando una volta por alg\u00fan sitio polo que xa fac\u00eda tempo que non pasaba, ocorreuseme que estou de acordo co alcalde en que este goberno pasar\u00e1 \u00e1 historia. Pero non o far\u00e1 polos monumentos estilo fonte, cocos ou Marqu\u00e9s, tampouco polos retrasos acumulados en cirunvalaci\u00f3n, autov\u00eda ou pol\u00edgono industrial. Nin pola construcci\u00f3n dun novo &#8216;castro&#8217; mentras se ninguneou durante tempo \u00f3 das Grobas. Non. Ser\u00e1 lembrado pola privatizaci\u00f3n integral de Ribadeo, ceo, terra e auga. E digo pola privatizaci\u00f3n e non polo comezo da privatizaci\u00f3n, porque espero dos seus sucesores m\u00e1is sentidi\u00f1o e pensamento no ben p\u00fablico que o que se est\u00e1 a amosar agora.<br \/>\nPode que cause estra\u00f1eza o de privatizar ceo e terra, pero coido que est\u00e1 claro: privat\u00edzase o ceo cada vez que se deixa edificar m\u00e1is alturas das debidas ou das aconsellables, cada vez que se deixa sen luz do sol direita a un baixo porque en frente est\u00e1n constru\u00edndo un edificio m\u00e1is alto do debido, cada vez que unha r\u00faa ten m\u00e1is alto que ancho&#8230; Un exemplo? construcci\u00f3n a\u00ednda hoxe sen rematar \u00f3 comezo da r\u00faa Calvo Sotelo.<br \/>\nPrivat\u00edzase a terra cando se deixa constru\u00edr en lugar que deber ser p\u00fablico, cada vez que non se respetan as distancias de retirada en relaci\u00f3n \u00e1 v\u00eda p\u00fabica, cada vez que hai recalificaci\u00f3ns interesadas&#8230; Un exemplo, neste caso de falta de retirada en relaci\u00f3n a un cami\u00f1o, que queda totalmente emparedado, na primeira foto de hoxe: bordea a urbanizaci\u00f3n subindo dende a vila vella \u00f3 cemiterio&#8230;<br \/>\nPrivat\u00edzase a auga e o mar cada vez que un servizo p\u00fablico vai parar a mans privadas, cada vez que se lle come terreo \u00e1 r\u00eda para \u00bf?, cada vez que que se lle quita un lugar de paso \u00f3s ribadenses xunto \u00e1 s\u00faa r\u00eda&#8230; \u00e9 quizais a privatizaci\u00f3n m\u00e1is grave e m\u00e1is visible e, \u00f3 tempo, a que deixa menos lugar \u00e1 protesta porque o concello amp\u00e1rase noutras instituci\u00f3ns. Pode que sexa a m\u00e1is lamentable pola mesma imaxe da alcald\u00eda \u00f3 frente dunha manifestaci\u00f3n e, sen chegar \u00f3 terceiro d\u00eda, cambio de chaqueta. Non po\u00f1o nin siquiera esta volta a foto do recheo. Non \u00e9 necesaria a foto dese s\u00edmbolo de denigraci\u00f3n do pobo. Unha ollada \u00f3s bloques e \u00e1 entrada \u00f3 porto, en vista tomada esta mesma ma\u00f1\u00e1, onde se ve a caseta xa case lista, da unha idea de aquelo de que Ribadeo \u00e9 de alg\u00fans, non dos ribadenses. Por desgraza, cada volta m\u00e1is.<br \/>\nUnha \u00faltima cousa: o privatizar deixa sen espazo \u00e1 xente, e esto infl\u00fae non s\u00f3 na mingua da riqueza como tal do pobo, sen\u00f3n nas relaci\u00f3ns entre a xente. Est\u00e1 amosado dende hai moito por estudos sociol\u00f3xicos e psicol\u00f3xicos que cando unha sociedade est\u00e1 m\u00e1s acogotada de espazo (maior densidade de xente), ent\u00f3n os seus compo\u00f1entes tenden a voltarse m\u00e1is agresivos, cara \u00f3 exterior e tame\u0144 cara \u00f3 interior, entre eles. \u00c9 dicir, na actualidade non s\u00f3 se est\u00e1 deixando sen patrimonio a Ribadeo, sen\u00f3n que se est\u00e1 a contribu\u00edr a unha divisi\u00f3n e perda de calidade de convivencia entre a xente do pobo. Se non fora tan triste caber\u00eda rematar en plan sorrinte: misi\u00f3n cumprida, sr. alcalde!<\/p>\n","protected":false},"excerpt":{"rendered":"<p>Hoxe, dando una volta por alg\u00fan sitio polo que xa fac\u00eda tempo que non pasaba, ocorreuseme que estou de acordo co alcalde en que este goberno pasar\u00e1 \u00e1 historia. Pero non o far\u00e1 polos monumentos estilo fonte, cocos ou Marqu\u00e9s, tampouco polos retrasos acumulados en cirunvalaci\u00f3n, autov\u00eda ou pol\u00edgono industrial. Nin pola construcci\u00f3n dun novo [&hellip;]<\/p>\n","protected":false},"author":3,"featured_media":0,"comment_status":"open","ping_status":"closed","sticky":false,"template":"","format":"standard","meta":{"activitypub_content_warning":"","activitypub_content_visibility":"","activitypub_max_image_attachments":3,"activitypub_interaction_policy_quote":"anyone","activitypub_status":"federate","footnotes":""},"categories":[1],"tags":[21,57,93,13,9],"class_list":["post-10448","post","type-post","status-publish","format-standard","hentry","category-sen-categoria","tag-economia","tag-fotos-ria-de-ribadeo","tag-fotos-ribadeo","tag-politica","tag-sociedade"],"_links":{"self":[{"href":"https:\/\/blogs.amarinha.gal\/ribadeando\/wp-json\/wp\/v2\/posts\/10448","targetHints":{"allow":["GET"]}}],"collection":[{"href":"https:\/\/blogs.amarinha.gal\/ribadeando\/wp-json\/wp\/v2\/posts"}],"about":[{"href":"https:\/\/blogs.amarinha.gal\/ribadeando\/wp-json\/wp\/v2\/types\/post"}],"author":[{"embeddable":true,"href":"https:\/\/blogs.amarinha.gal\/ribadeando\/wp-json\/wp\/v2\/users\/3"}],"replies":[{"embeddable":true,"href":"https:\/\/blogs.amarinha.gal\/ribadeando\/wp-json\/wp\/v2\/comments?post=10448"}],"version-history":[{"count":0,"href":"https:\/\/blogs.amarinha.gal\/ribadeando\/wp-json\/wp\/v2\/posts\/10448\/revisions"}],"wp:attachment":[{"href":"https:\/\/blogs.amarinha.gal\/ribadeando\/wp-json\/wp\/v2\/media?parent=10448"}],"wp:term":[{"taxonomy":"category","embeddable":true,"href":"https:\/\/blogs.amarinha.gal\/ribadeando\/wp-json\/wp\/v2\/categories?post=10448"},{"taxonomy":"post_tag","embeddable":true,"href":"https:\/\/blogs.amarinha.gal\/ribadeando\/wp-json\/wp\/v2\/tags?post=10448"}],"curies":[{"name":"wp","href":"https:\/\/api.w.org\/{rel}","templated":true}]}}