{"id":1005,"date":"2024-01-27T08:00:00","date_gmt":"2024-01-27T07:00:00","guid":{"rendered":""},"modified":"2024-10-23T12:02:56","modified_gmt":"2024-10-23T10:02:56","slug":"xerion-xose-carlos-rodriguez-ranon","status":"publish","type":"post","link":"https:\/\/blogs.amarinha.gal\/ribadeando\/2024\/01\/27\/xerion-xose-carlos-rodriguez-ranon\/","title":{"rendered":"Xeri\u00f3n. Xos\u00e9 Carlos Rodr\u00edguez Ra\u00f1\u00f3n"},"content":{"rendered":"<p>&nbsp;<\/p>\n<p><a href=\"https:\/\/blogs.amarinha.gal\/ribadeando\/wp-content\/uploads\/sites\/4\/2024\/01\/Escudo_de_A_CoruC3B1a.png\" imageanchor=\"1\" style=\"margin-left: 1em; margin-right: 1em;\"><img loading=\"lazy\" decoding=\"async\" height=\"512\" src=\"https:\/\/blogs.amarinha.gal\/ribadeando\/wp-content\/uploads\/sites\/4\/2024\/01\/Escudo_de_A_CoruC3B1a.png\" class=\"wp-image-1006\" width=\"288\" \/><\/a><\/p>\n<p><em><a href=\"https:\/\/gl.wikipedia.org\/wiki\/Xeri%C3%B3n\" rel=\"nofollow noopener\" target=\"_blank\">XERI\u00d3N<\/a><br \/>\n<\/em><\/p>\n<p><em><br \/>\n<a href=\"https:\/\/blogs.amarinha.gal\/ribadeando\/search\/label\/Xos%C3%A9%20Carlos%20Rodr%C3%ADguez%20Ra%C3%B1%C3%B3n\" rel=\"nofollow noopener\" target=\"_blank\">Xos\u00e9 Carlos Rodr\u00edguez Ra\u00f1\u00f3n<\/a><br \/>\n<\/em><\/p>\n<p><em><span>&nbsp;&nbsp; &nbsp;<\/span>O mitol\u00f3xico xigante herculino (cuxa caveira mesmo figura no propio escudo da cidade e no faro romano m\u00e1is antigo do mundo en activo) viral\u00edzase. A proliferaci\u00f3n de caveiras por todos os recantos urbanos provocou que foran nominadas na 14\u00aa edici\u00f3n dos galard\u00f3ns <a href=\"https:\/\/graffica.info\/\" rel=\"nofollow noopener\" target=\"_blank\">Gr\u00e0ffica<\/a> da cultura visual espa\u00f1ola.<\/em><\/p>\n<p><em><br \/>\n\t<span>&nbsp;&nbsp; &nbsp;<\/span>Comezaron a confeccionarse con teselas formando mosaicos, pintadas con xiz ou feitas con cinta adhesiva. Con forma de bandeira pirata ondearon no porto. A s\u00faa creaci\u00f3n \u00e9 an\u00f3nima e colectiva, ef\u00e9mera e mimetizada con muros, valados e portas, convert\u00e9ndose xa nunha icona da paisaxe urbana.<\/em><\/p>\n<p><em><br \/>\n\t<span>&nbsp;&nbsp; &nbsp;<\/span>As s\u00faas orixes crom\u00e1ticas reduc\u00edanse ao azul e o branco, ampliando posteriormente a gama de cores. Ante o seu espallamento descontrolado, o concello decidiu retiralas ante algunhas (poucas) protestas da veci\u00f1anza para despois enmendarse a si mesmo e pasar a conservalas e potencialas.<\/em><\/p>\n<p><em><br \/>\n\t<span>&nbsp;&nbsp; &nbsp;<\/span>Estas art\u00edsticas caveiras non s\u00f3 te\u00f1en unha finalidade puramente est\u00e9tica. Tam\u00e9n te\u00f1en como funci\u00f3n denunciar a mercantilizaci\u00f3n do espazo p\u00fablico e promover a liberdade de expresi\u00f3n e creaci\u00f3n. Son o vivo exemplo de como un simple dese\u00f1o popular pode crear unha verdadeira identidade colectiva.<\/em><\/p>\n","protected":false},"excerpt":{"rendered":"<p>&nbsp; XERI\u00d3N Xos\u00e9 Carlos Rodr\u00edguez Ra\u00f1\u00f3n &nbsp;&nbsp; &nbsp;O mitol\u00f3xico xigante herculino (cuxa caveira mesmo figura no propio escudo da cidade e no faro romano m\u00e1is antigo do mundo en activo) viral\u00edzase. A proliferaci\u00f3n de caveiras por todos os recantos urbanos provocou que foran nominadas na 14\u00aa edici\u00f3n dos galard\u00f3ns Gr\u00e0ffica da cultura visual espa\u00f1ola. &nbsp;&nbsp; [&hellip;]<\/p>\n","protected":false},"author":3,"featured_media":1006,"comment_status":"open","ping_status":"closed","sticky":false,"template":"","format":"standard","meta":{"activitypub_content_warning":"","activitypub_content_visibility":"","activitypub_max_image_attachments":3,"activitypub_interaction_policy_quote":"anyone","activitypub_status":"","footnotes":""},"categories":[1],"tags":[10,31],"class_list":["post-1005","post","type-post","status-publish","format-standard","has-post-thumbnail","hentry","category-sen-categoria","tag-cultura","tag-xose-carlos-rodriguez-ranon"],"_links":{"self":[{"href":"https:\/\/blogs.amarinha.gal\/ribadeando\/wp-json\/wp\/v2\/posts\/1005","targetHints":{"allow":["GET"]}}],"collection":[{"href":"https:\/\/blogs.amarinha.gal\/ribadeando\/wp-json\/wp\/v2\/posts"}],"about":[{"href":"https:\/\/blogs.amarinha.gal\/ribadeando\/wp-json\/wp\/v2\/types\/post"}],"author":[{"embeddable":true,"href":"https:\/\/blogs.amarinha.gal\/ribadeando\/wp-json\/wp\/v2\/users\/3"}],"replies":[{"embeddable":true,"href":"https:\/\/blogs.amarinha.gal\/ribadeando\/wp-json\/wp\/v2\/comments?post=1005"}],"version-history":[{"count":0,"href":"https:\/\/blogs.amarinha.gal\/ribadeando\/wp-json\/wp\/v2\/posts\/1005\/revisions"}],"wp:featuredmedia":[{"embeddable":true,"href":"https:\/\/blogs.amarinha.gal\/ribadeando\/wp-json\/wp\/v2\/media\/1006"}],"wp:attachment":[{"href":"https:\/\/blogs.amarinha.gal\/ribadeando\/wp-json\/wp\/v2\/media?parent=1005"}],"wp:term":[{"taxonomy":"category","embeddable":true,"href":"https:\/\/blogs.amarinha.gal\/ribadeando\/wp-json\/wp\/v2\/categories?post=1005"},{"taxonomy":"post_tag","embeddable":true,"href":"https:\/\/blogs.amarinha.gal\/ribadeando\/wp-json\/wp\/v2\/tags?post=1005"}],"curies":[{"name":"wp","href":"https:\/\/api.w.org\/{rel}","templated":true}]}}