{"id":44,"date":"2024-07-17T02:00:00","date_gmt":"2024-07-17T00:00:00","guid":{"rendered":"https:\/\/luciaferro.es\/posts\/vinteetresbagoas\/"},"modified":"2024-10-18T15:15:08","modified_gmt":"2024-10-18T13:15:08","slug":"vinte-e-tres-bagoas","status":"publish","type":"post","link":"https:\/\/blogs.amarinha.gal\/lucia_ferro\/2024\/07\/17\/vinte-e-tres-bagoas\/","title":{"rendered":"Vinte e tres b\u00e1goas"},"content":{"rendered":"\n<figure class=\"wp-block-image size-large\"><img loading=\"lazy\" decoding=\"async\" width=\"1024\" height=\"397\" src=\"https:\/\/blogs.amarinha.gal\/lucia_ferro\/wp-content\/uploads\/sites\/3\/2024\/07\/image-1024x397.png\" alt=\"\" class=\"wp-image-99\"\/><\/figure>\n\n\n\n<h4 class=\"wp-block-heading\">Un relato colaborativo escrito durante o <em>Obradoiro de Escritura Creativa<\/em> de <em>Historias de San Xo\u00e1n<\/em>.<\/h4>\n\n\n\n<p>V\u00e9spera de San Xo\u00e1n, Gatipedro anda atento coma de costume. Xuntouse moita xente no campo santo e el precisa facer das del para sentirse \u00fatil e vivo. Ach\u00e9gase \u00e1 porta coa idea que sempre ronda a s\u00faa cabeza, ver cantas pla\u00f1ideiras hai e cantos choran de verdade ao falecido. Tarefa doada. Como lle gusta ver este tipo de espect\u00e1culos. <em>(Lorena)<\/em><\/p>\n\n\n\n<p>Anos atr\u00e1s comezara a disfrutar desta actividade. Antes era un ser simp\u00e1tico e alegre. Gozaba de rir coas fadas e de gastar o seu tempo ao car\u00f3n das fogueiras. Dende logo era un divertimento m\u00e1is inocente. Mais a vida daba moitas voltas e a s\u00faa, en concreto, parecera unha noria.<em>(Gonzalo)<\/em><\/p>\n\n\n\n<p>Mais esta vez parec\u00eda non ser tan doado desfrutar do seu divertimento favorito. A porta estaba chea de xente imped\u00edndolle o paso. Tratou de subir por unha parede a ver se consegu\u00eda atisbar algo do suceso pero, por vez primeira na s\u00faa vida, viuse incapaz de facelo. Conseguiu, si, subirse a unha \u00e1rbore, mais esta comezou m\u00e1aicamente a se encoller, ata meterse por completo na terra, seguramente volvendo a ser unha semente.<\/p>\n\n\n\n<p>\u2013Pero que carallo?\u2013preguntou para si o Gatipedro. \u2013Quen ter\u00eda este poder e estas ganas de amolar?<\/p>\n\n\n\n<p>A s\u00faa pregunta quedou respondida ao cheirar un pouco de p\u00f3 de fadas\u2026.<em>(Jose)<\/em><\/p>\n\n\n\n<p>Revirou a cabeza pouco a pouco temendo atopar tras a s\u00faa caluga algo que non lle dera boa espi\u00f1a, e al\u00ed estaban. Al\u00f3, al\u00f3 ao lonxe, xusto enriba da porta do camposanto estaban as tres fadas, chorando.<\/p>\n\n\n\n<p>\u2013Como chorando elas?<\/p>\n\n\n\n<p>De s\u00fapeto a \u00e1rbore comezou de novo a medrar e canto m\u00e1is o fac\u00eda, o Gatipedro comezaba a notar unha, d\u00faas, seis, dez\u2026 As\u00ed ata vinte e tres b\u00e1goas de xu\u00f1o, o nicho vinte e tres, vinte e tres b\u00e1goas. <em>(Tamara)<\/em><\/p>\n\n\n\n<p>E deuse conta que as b\u00e1goas delas e as b\u00e1goas del eran de ledicia, era o vinte e tres de xu\u00f1o e por fin \u00eda comezar o ver\u00e1n e el por fin comezou a mirar ao seu redor f\u00f3ra de ese camposanto. Mirar outras \u00e1rbores, os paxaros, unha fonte que sempre trae auga fresqui\u00f1a, e ese son\u2026 Elas al\u00ed choraban de ledicia de velo a el que p\u00f2r fin abreu os ollos e mirou m\u00e1is al\u00e1 de aquelas b\u00e1goas todas tristes, deuse de conta de que tam\u00e9n hai b\u00e1goas alegre e comezaron a rir e a chorar de risa as tres fadas e o Gatipedro.<em>(Marta)<\/em><\/p>\n\n\n\n<blockquote class=\"wp-block-quote instagram-media is-layout-flow wp-block-quote-is-layout-flow\">\n<div style=\"padding:16px\"> <a href=\"https:\/\/www.instagram.com\/reel\/CnwOjsAphCa\/?utm_source=ig_embed&amp;utm_campaign=loading\" style=\"background:#FFFFFF;line-height:0;padding:0 0;text-align:center;text-decoration:none\" target=\"_blank\" rel=\"noopener\"> <p><\/p>\n<div style=\"flex-direction: row;align-items: center\">\n<div style=\"background-color: #F4F4F4;flex-grow: 0;height: 40px;margin-right: 14px;width: 40px\"><\/div>\n<div style=\"flex-direction: column;flex-grow: 1;justify-content: center\">\n<div style=\"background-color: #F4F4F4;border-radius: 4px;flex-grow: 0;height: 14px;margin-bottom: 6px;width: 100px\"><\/div>\n<div style=\"background-color: #F4F4F4;border-radius: 4px;flex-grow: 0;height: 14px;width: 60px\"><\/div>\n<\/div>\n<\/div>\n<div><\/div>\n<div style=\"height:50px;margin:0 auto 12px;width:50px\"><\/div>\n<div style=\"padding-top: 8px\">\n<div style=\"color:#3897f0;font-family:Arial,sans-serif;font-size:14px;font-style:normal;font-weight:550;line-height:18px\">View this post on Instagram<\/div>\n<\/div>\n<div><\/div>\n<div style=\"flex-direction: row;margin-bottom: 14px;align-items: center\">\n<div>\n<div style=\"background-color: #F4F4F4;height: 12.5px;width: 12.5px\"><\/div>\n<div style=\"background-color: #F4F4F4;height: 12.5px;width: 12.5px;flex-grow: 0;margin-right: 14px;margin-left: 2px\"><\/div>\n<div style=\"background-color: #F4F4F4;height: 12.5px;width: 12.5px\"><\/div>\n<\/div>\n<div style=\"margin-left: 8px\">\n<div style=\"background-color: #F4F4F4;flex-grow: 0;height: 20px;width: 20px\"><\/div>\n<div style=\"width: 0;height: 0;border-top: 2px solid transparent;border-left: 6px solid #f4f4f4;border-bottom: 2px solid transparent\"><\/div>\n<\/div>\n<div style=\"margin-left: auto\">\n<div style=\"width: 0px;border-top: 8px solid #F4F4F4;border-right: 8px solid transparent\"><\/div>\n<div style=\"background-color: #F4F4F4;flex-grow: 0;height: 12px;width: 16px\"><\/div>\n<div style=\"width: 0;height: 0;border-top: 8px solid #F4F4F4;border-left: 8px solid transparent\"><\/div>\n<\/div>\n<\/div>\n<div style=\"flex-direction: column;flex-grow: 1;justify-content: center;margin-bottom: 24px\">\n<div style=\"background-color: #F4F4F4;border-radius: 4px;flex-grow: 0;height: 14px;margin-bottom: 6px;width: 224px\"><\/div>\n<div style=\"background-color: #F4F4F4;border-radius: 4px;flex-grow: 0;height: 14px;width: 144px\"><\/div>\n<\/div>\n<\/a><p><a href=\"https:\/\/www.instagram.com\/reel\/CnwOjsAphCa\/?utm_source=ig_embed&amp;utm_campaign=loading\" style=\"background:#FFFFFF;line-height:0;padding:0 0;text-align:center;text-decoration:none\" target=\"_blank\" rel=\"noopener\"><\/a><\/p>\n<p style=\"color:#c9c8cd;font-family:Arial,sans-serif;font-size:14px;line-height:17px;margin-bottom:0;margin-top:8px;overflow:hidden;padding:8px 0 7px;text-align:center\"><a href=\"https:\/\/www.instagram.com\/reel\/CnwOjsAphCa\/?utm_source=ig_embed&amp;utm_campaign=loading\" style=\"color:#c9c8cd;font-family:Arial,sans-serif;font-size:14px;font-style:normal;font-weight:normal;line-height:17px;text-decoration:none\" target=\"_blank\" rel=\"noopener\">A post shared by Luc\u00eda Fern\u00e1ndez Rodr\u00edguez (@lucia.ferro_escritora)<\/a><\/p>\n<\/div>\n<\/blockquote>\n","protected":false},"excerpt":{"rendered":"<p>Un relato colaborativo escrito durante o Obradoiro de Escritura Creativa de Historias de San Xo\u00e1n. V\u00e9spera de San Xo\u00e1n, Gatipedro anda atento coma de costume. Xuntouse moita xente no campo santo e el precisa facer das del para sentirse \u00fatil e vivo. Ach\u00e9gase \u00e1 porta coa idea que sempre ronda a s\u00faa cabeza, ver cantas [&hellip;]<\/p>\n","protected":false},"author":1,"featured_media":99,"comment_status":"open","ping_status":"open","sticky":false,"template":"","format":"standard","meta":{"activitypub_content_warning":"","activitypub_content_visibility":"","activitypub_max_image_attachments":3,"activitypub_interaction_policy_quote":"anyone","activitypub_status":"federated","footnotes":""},"categories":[1],"tags":[5],"class_list":["post-44","post","type-post","status-publish","format-standard","has-post-thumbnail","hentry","category-sen-categoria","tag-f4f4f4"],"_links":{"self":[{"href":"https:\/\/blogs.amarinha.gal\/lucia_ferro\/wp-json\/wp\/v2\/posts\/44","targetHints":{"allow":["GET"]}}],"collection":[{"href":"https:\/\/blogs.amarinha.gal\/lucia_ferro\/wp-json\/wp\/v2\/posts"}],"about":[{"href":"https:\/\/blogs.amarinha.gal\/lucia_ferro\/wp-json\/wp\/v2\/types\/post"}],"author":[{"embeddable":true,"href":"https:\/\/blogs.amarinha.gal\/lucia_ferro\/wp-json\/wp\/v2\/users\/1"}],"replies":[{"embeddable":true,"href":"https:\/\/blogs.amarinha.gal\/lucia_ferro\/wp-json\/wp\/v2\/comments?post=44"}],"version-history":[{"count":2,"href":"https:\/\/blogs.amarinha.gal\/lucia_ferro\/wp-json\/wp\/v2\/posts\/44\/revisions"}],"predecessor-version":[{"id":101,"href":"https:\/\/blogs.amarinha.gal\/lucia_ferro\/wp-json\/wp\/v2\/posts\/44\/revisions\/101"}],"wp:featuredmedia":[{"embeddable":true,"href":"https:\/\/blogs.amarinha.gal\/lucia_ferro\/wp-json\/wp\/v2\/media\/99"}],"wp:attachment":[{"href":"https:\/\/blogs.amarinha.gal\/lucia_ferro\/wp-json\/wp\/v2\/media?parent=44"}],"wp:term":[{"taxonomy":"category","embeddable":true,"href":"https:\/\/blogs.amarinha.gal\/lucia_ferro\/wp-json\/wp\/v2\/categories?post=44"},{"taxonomy":"post_tag","embeddable":true,"href":"https:\/\/blogs.amarinha.gal\/lucia_ferro\/wp-json\/wp\/v2\/tags?post=44"}],"curies":[{"name":"wp","href":"https:\/\/api.w.org\/{rel}","templated":true}]}}