{"id":40,"date":"2024-09-04T02:00:00","date_gmt":"2024-09-04T00:00:00","guid":{"rendered":"https:\/\/luciaferro.es\/posts\/cedofesti3ae8a72734d900d190eb59020fe0a9e960736a8bbbf356567ce5cd876b860a65C33ae8a72734d900d190eb59020fe0a9e960736a8bbbf356567ce5cd876b860a65B1a2024\/"},"modified":"2024-12-11T12:38:32","modified_gmt":"2024-12-11T11:38:32","slug":"a-producion-artistica-no-rural-cedofestina-2024","status":"publish","type":"post","link":"https:\/\/blogs.amarinha.gal\/lucia_ferro\/2024\/09\/04\/a-producion-artistica-no-rural-cedofestina-2024\/","title":{"rendered":"A produci\u00f3n art\u00edstica no rural-Cedofesti\u00f1a 2024"},"content":{"rendered":"\n<p><em>Gravaci\u00f3n do coloquio sobre a produci\u00f3n de cultura no rural durante a Cedofesti\u00f1a 2024, evento organizado por As Vacas Fracas, asociaci\u00f3n cultural e art\u00edstica de Ribadeo.<\/em><\/p>\n\n\n\n<figure class=\"wp-block-embed is-type-video is-provider-youtube wp-block-embed-youtube wp-embed-aspect-16-9 wp-has-aspect-ratio\"><div class=\"wp-block-embed__wrapper\">\n<iframe loading=\"lazy\" title=\"A produci\u00f3n art\u00edstica no rural. Cedofesti\u00f1a 2024\" width=\"500\" height=\"281\" src=\"https:\/\/www.youtube.com\/embed\/CiWw6ME85aI?feature=oembed\" frameborder=\"0\" allow=\"accelerometer; autoplay; clipboard-write; encrypted-media; gyroscope; picture-in-picture; web-share\" referrerpolicy=\"strict-origin-when-cross-origin\" allowfullscreen><\/iframe>\n<\/div><\/figure>\n\n\n\n<p>A cultura chega e xurde no rural, mais iso non \u00e9 todo. O arte do rural tam\u00e9n ten outra forma e outro esp\u00edrito. Reflexa comunidade e dedicaci\u00f3n tal e o como o demostraron os membros da asociaci\u00f3n As Vacas Fracas que empregaron un patrimonio tan fermoso como \u00e9 o Pazo de Cedofeita para acomodar visitas, curtametraxes, coloquios e concertos. Todo un reto, pero todo ben conseguido. Aqu\u00ed vos deixo a mi\u00f1a participaci\u00f3n xunto a moderadora Alba, a directora da curtametraxe \u201cA Mirada Delas\u201d, Clara Maseda, e a creadora de Viva La Pepa, Sandra Gonz\u00e1lez.<\/p>\n\n\n\n<hr class=\"wp-block-separator has-alpha-channel-opacity\" \/>\n\n\n\n<p>Que non sexa a \u00faltima Cedofesti\u00f1a!!<\/p>\n","protected":false},"excerpt":{"rendered":"<p>Gravaci\u00f3n do coloquio sobre a produci\u00f3n de cultura no rural durante a Cedofesti\u00f1a 2024, evento organizado por As Vacas Fracas, asociaci\u00f3n cultural e art\u00edstica de Ribadeo. A cultura chega e xurde no rural, mais iso non \u00e9 todo. O arte do rural tam\u00e9n ten outra forma e outro esp\u00edrito. Reflexa comunidade e dedicaci\u00f3n tal e [&hellip;]<\/p>\n","protected":false},"author":1,"featured_media":85,"comment_status":"open","ping_status":"open","sticky":false,"template":"","format":"standard","meta":{"activitypub_content_warning":"","activitypub_content_visibility":"","activitypub_max_image_attachments":3,"activitypub_interaction_policy_quote":"anyone","activitypub_status":"federated","footnotes":""},"categories":[1],"tags":[],"class_list":["post-40","post","type-post","status-publish","format-standard","has-post-thumbnail","hentry","category-sen-categoria"],"_links":{"self":[{"href":"https:\/\/blogs.amarinha.gal\/lucia_ferro\/wp-json\/wp\/v2\/posts\/40","targetHints":{"allow":["GET"]}}],"collection":[{"href":"https:\/\/blogs.amarinha.gal\/lucia_ferro\/wp-json\/wp\/v2\/posts"}],"about":[{"href":"https:\/\/blogs.amarinha.gal\/lucia_ferro\/wp-json\/wp\/v2\/types\/post"}],"author":[{"embeddable":true,"href":"https:\/\/blogs.amarinha.gal\/lucia_ferro\/wp-json\/wp\/v2\/users\/1"}],"replies":[{"embeddable":true,"href":"https:\/\/blogs.amarinha.gal\/lucia_ferro\/wp-json\/wp\/v2\/comments?post=40"}],"version-history":[{"count":3,"href":"https:\/\/blogs.amarinha.gal\/lucia_ferro\/wp-json\/wp\/v2\/posts\/40\/revisions"}],"predecessor-version":[{"id":136,"href":"https:\/\/blogs.amarinha.gal\/lucia_ferro\/wp-json\/wp\/v2\/posts\/40\/revisions\/136"}],"wp:featuredmedia":[{"embeddable":true,"href":"https:\/\/blogs.amarinha.gal\/lucia_ferro\/wp-json\/wp\/v2\/media\/85"}],"wp:attachment":[{"href":"https:\/\/blogs.amarinha.gal\/lucia_ferro\/wp-json\/wp\/v2\/media?parent=40"}],"wp:term":[{"taxonomy":"category","embeddable":true,"href":"https:\/\/blogs.amarinha.gal\/lucia_ferro\/wp-json\/wp\/v2\/categories?post=40"},{"taxonomy":"post_tag","embeddable":true,"href":"https:\/\/blogs.amarinha.gal\/lucia_ferro\/wp-json\/wp\/v2\/tags?post=40"}],"curies":[{"name":"wp","href":"https:\/\/api.w.org\/{rel}","templated":true}]}}