{"id":344,"date":"2026-08-30T19:23:51","date_gmt":"2026-08-30T17:23:51","guid":{"rendered":"https:\/\/blogs.amarinha.gal\/godoteires\/?p=344"},"modified":"2026-08-30T19:23:55","modified_gmt":"2026-08-30T17:23:55","slug":"vemonos-na-lerez-up","status":"publish","type":"post","link":"https:\/\/blogs.amarinha.gal\/godoteires\/2026\/08\/30\/vemonos-na-lerez-up\/","title":{"rendered":"V\u00e9monos na L\u00e9rez Up!"},"content":{"rendered":"\n<p class=\"wp-block-paragraph\">Os pr\u00f3ximos 12 e 13 de setembro cel\u00e9brase o evento L\u00e9rez Up no Recinto Feiral de Pontevedra e n\u00f3s teremos stand na s\u00faa Zona Indie.<\/p>\n\n\n\n<figure class=\"wp-block-image size-large\"><img loading=\"lazy\" decoding=\"async\" width=\"1024\" height=\"171\" src=\"https:\/\/blogs.amarinha.gal\/godoteires\/wp-content\/uploads\/sites\/10\/2026\/08\/Captura-de-pantalla-2026-08-30-191932-1024x171.png\" alt=\"\" class=\"wp-image-345\" srcset=\"https:\/\/blogs.amarinha.gal\/godoteires\/wp-content\/uploads\/sites\/10\/2026\/08\/Captura-de-pantalla-2026-08-30-191932-1024x171.png 1024w, https:\/\/blogs.amarinha.gal\/godoteires\/wp-content\/uploads\/sites\/10\/2026\/08\/Captura-de-pantalla-2026-08-30-191932-300x50.png 300w, https:\/\/blogs.amarinha.gal\/godoteires\/wp-content\/uploads\/sites\/10\/2026\/08\/Captura-de-pantalla-2026-08-30-191932-768x128.png 768w, https:\/\/blogs.amarinha.gal\/godoteires\/wp-content\/uploads\/sites\/10\/2026\/08\/Captura-de-pantalla-2026-08-30-191932.png 1190w\" sizes=\"auto, (max-width: 1024px) 100vw, 1024px\" \/><\/figure>\n\n\n\n<p class=\"wp-block-paragraph\">Adem\u00e1is, a nosa presidenta participar\u00e1 nunha mesa redonda o s\u00e1bado \u00e1s 17h. Por \u00faltimo, poderedes obter un sello para o Pasaporte Indie xogando a Mi\u00f1a Leira. Completando o pasaporte participas nun sorteo para o que aportaremos merchandising da asociaci\u00f3n.<\/p>\n","protected":false},"excerpt":{"rendered":"<p>Os pr\u00f3ximos 12 e 13 de setembro cel\u00e9brase o evento L\u00e9rez Up no Recinto Feiral de Pontevedra e n\u00f3s teremos stand na s\u00faa Zona Indie. Adem\u00e1is, a nosa presidenta participar\u00e1 nunha mesa redonda o s\u00e1bado \u00e1s 17h. Por \u00faltimo, poderedes obter un sello para o Pasaporte Indie xogando a Mi\u00f1a Leira. Completando o pasaporte participas [&hellip;]<\/p>\n","protected":false},"author":10,"featured_media":0,"comment_status":"open","ping_status":"open","sticky":false,"template":"","format":"standard","meta":{"activitypub_content_warning":"","activitypub_content_visibility":"","activitypub_max_image_attachments":4,"activitypub_interaction_policy_quote":"anyone","activitypub_status":"federated","footnotes":""},"categories":[4],"tags":[],"class_list":["post-344","post","type-post","status-publish","format-standard","hentry","category-eventos"],"_links":{"self":[{"href":"https:\/\/blogs.amarinha.gal\/godoteires\/wp-json\/wp\/v2\/posts\/344","targetHints":{"allow":["GET"]}}],"collection":[{"href":"https:\/\/blogs.amarinha.gal\/godoteires\/wp-json\/wp\/v2\/posts"}],"about":[{"href":"https:\/\/blogs.amarinha.gal\/godoteires\/wp-json\/wp\/v2\/types\/post"}],"author":[{"embeddable":true,"href":"https:\/\/blogs.amarinha.gal\/godoteires\/wp-json\/wp\/v2\/users\/10"}],"replies":[{"embeddable":true,"href":"https:\/\/blogs.amarinha.gal\/godoteires\/wp-json\/wp\/v2\/comments?post=344"}],"version-history":[{"count":1,"href":"https:\/\/blogs.amarinha.gal\/godoteires\/wp-json\/wp\/v2\/posts\/344\/revisions"}],"predecessor-version":[{"id":346,"href":"https:\/\/blogs.amarinha.gal\/godoteires\/wp-json\/wp\/v2\/posts\/344\/revisions\/346"}],"wp:attachment":[{"href":"https:\/\/blogs.amarinha.gal\/godoteires\/wp-json\/wp\/v2\/media?parent=344"}],"wp:term":[{"taxonomy":"category","embeddable":true,"href":"https:\/\/blogs.amarinha.gal\/godoteires\/wp-json\/wp\/v2\/categories?post=344"},{"taxonomy":"post_tag","embeddable":true,"href":"https:\/\/blogs.amarinha.gal\/godoteires\/wp-json\/wp\/v2\/tags?post=344"}],"curies":[{"name":"wp","href":"https:\/\/api.w.org\/{rel}","templated":true}]}}